{"id":127231,"date":"2026-09-03T23:00:10","date_gmt":"2026-09-03T22:00:10","guid":{"rendered":"https:\/\/egidimadeinitaly.com\/?p=127231"},"modified":"2026-09-03T23:50:08","modified_gmt":"2026-09-03T22:50:08","slug":"anselmo-bucci-mart-rovereto","status":"publish","type":"post","link":"https:\/\/egidimadeinitaly.com\/fr\/anselmo-bucci-mart-rovereto\/","title":{"rendered":"Anselmo Bucci au Mart de Rovereto"},"content":{"rendered":"<p data-start=\"13913\" data-end=\"14181\">J\u2019aimerais commencer cet article consacr\u00e9 \u00e0 la remarquable exposition <em data-start=\"13983\" data-end=\"14042\">Anselmo Bucci. Il tempo del Novecento tra Italia e Europa<\/em> par deux phrases de l\u2019artiste. Elles accompagnent le parcours de l\u2019exposition et r\u00e9v\u00e8lent imm\u00e9diatement quelque chose de sa personnalit\u00e9 :<\/p>\n<blockquote data-start=\"14183\" data-end=\"14290\">\n<p data-start=\"14185\" data-end=\"14290\">\u00ab Le Christ commen\u00e7a sa carri\u00e8re entre l\u2019\u00e2ne et le b\u0153uf ; j\u2019esp\u00e8re ne pas terminer la mienne autrement. \u00bb<\/p>\n<\/blockquote>\n<p data-start=\"14292\" data-end=\"14460\">En quelques mots, Bucci nous ouvre les portes de son univers tr\u00e8s personnel. Un monde parfois magnifique et sublime, mais travers\u00e9 par de profonds ab\u00eemes de m\u00e9lancolie.<\/p>\n<p data-start=\"14462\" data-end=\"14591\">Il y a la nature dans sa forme la plus pure. Il y a aussi des femmes \u00e9l\u00e9gantes dont le regard p\u00e9n\u00e9trant semble ne rien pardonner.<\/p>\n<p data-start=\"14593\" data-end=\"14704\">\u00c0 cet univers id\u00e9al r\u00e9pond un monde r\u00e9el qui se transforme presque monstrueusement sous le balcon de l\u2019artiste.<\/p>\n<p data-start=\"14706\" data-end=\"14834\">Mais il y a surtout ses animaux bien-aim\u00e9s. Dans le regard de Bucci, ils ne connaissent pas le p\u00e9ch\u00e9 et savent simplement aimer.<\/p>\n<blockquote data-start=\"14836\" data-end=\"14958\">\n<p data-start=\"14838\" data-end=\"14958\">\u00ab Fatigu\u00e9 de chercher en vain un contemporain qui ne soit ni un g\u00e9nie ni un h\u00e9ros, je me suis r\u00e9fugi\u00e9 parmi les b\u00eates. \u00bb<\/p>\n<\/blockquote>\n<p data-start=\"14960\" data-end=\"15414\">Le Mart de Rovereto pr\u00e9sente la plus vaste exposition jamais consacr\u00e9e \u00e0 Anselmo Bucci. Organis\u00e9e par Beatrice Avanzi et Luca Baroni, elle se tient du 28 mars au 27 septembre 2026. Plus de 150 \u0153uvres retracent la carri\u00e8re, la vie et les relations culturelles de cet artiste singulier. Peintures, gravures, dessins, photographies et documents d\u00e9voilent un peintre qui fut \u00e9galement graveur, dessinateur et \u00e9crivain.<\/p>\n<h2 data-section-id=\"gbsek4\" data-start=\"15416\" data-end=\"15471\">Anselmo Bucci, peintre et intellectuel du XXe si\u00e8cle<\/h2>\n<p data-start=\"15473\" data-end=\"15559\">Anselmo Bucci na\u00eet \u00e0 Fossombrone, dans les Marches, en 1887. Il meurt \u00e0 Monza en 1955.<\/p>\n<p data-start=\"15561\" data-end=\"15694\">Actif entre Paris et Milan, il devient l\u2019une des figures les plus cultiv\u00e9es et les plus ind\u00e9pendantes de l\u2019art italien du XXe si\u00e8cle.<\/p>\n<p data-start=\"15696\" data-end=\"15925\">Il compte parmi les fondateurs du <strong data-start=\"15730\" data-end=\"15752\">Novecento Italiano<\/strong> et c\u2019est \u00e0 lui que le groupe doit son nom. Pourtant, Bucci refuse toujours de laisser un mouvement d\u00e9finir les limites de son \u0153uvre.<\/p>\n<p data-start=\"15927\" data-end=\"15994\">Sa recherche demeure libre, \u00e9clectique et profond\u00e9ment personnelle.<\/p>\n<p data-start=\"15996\" data-end=\"16244\">\u00c0 la construction solide et au classicisme moderne du Novecento Italiano, il associe des atmosph\u00e8res postimpressionnistes, souvent peintes <em data-start=\"16135\" data-end=\"16149\">en plein air<\/em>. Ses compositions r\u00e9v\u00e8lent \u00e9galement un go\u00fbt tr\u00e8s personnel pour les perspectives audacieuses.<\/p>\n<h2 data-section-id=\"1jw9iug\" data-start=\"16246\" data-end=\"16285\">Le lien profond avec sa terre natale<\/h2>\n<p data-start=\"16287\" data-end=\"16396\">Bucci aimait parfois signer <strong data-start=\"16315\" data-end=\"16343\">\u00ab Bucci da Fossombrone \u00bb<\/strong>, soulignant ainsi son attachement \u00e0 sa ville natale.<\/p>\n<p data-start=\"16398\" data-end=\"16505\">Les Marches restent tout au long de sa vie un territoire de m\u00e9moire, d\u2019affections familiales et de racines.<\/p>\n<p data-start=\"16507\" data-end=\"16598\">M\u00eame pendant ses ann\u00e9es les plus cosmopolites, cette g\u00e9ographie intime ne dispara\u00eet jamais.<\/p>\n<p data-start=\"16600\" data-end=\"16810\">Elle appara\u00eet avec \u00e9vidence dans <em data-start=\"16633\" data-end=\"16644\">L\u2019Autunno<\/em>, l\u2019un des chefs-d\u2019\u0153uvre de ses premi\u00e8res ann\u00e9es parisiennes. La nature n\u2019y constitue pas un simple d\u00e9cor. Elle devient un lieu de m\u00e9moire et de r\u00e9flexion int\u00e9rieure.<\/p>\n<h2 data-section-id=\"nlcew7\" data-start=\"16812\" data-end=\"16882\">Les ann\u00e9es parisiennes : formation et reconnaissance internationale<\/h2>\n<p data-start=\"16884\" data-end=\"16982\">Anselmo Bucci arrive \u00e0 Paris en novembre 1906 avec ses amis Mario Buggelli et Leonardo Dudreville.<\/p>\n<p data-start=\"16984\" data-end=\"17047\">Il \u00e9voquera plus tard leur arriv\u00e9e avec son ironie habituelle :<\/p>\n<blockquote data-start=\"17049\" data-end=\"17144\">\n<p data-start=\"17051\" data-end=\"17144\">\u00ab \u00c0 nous trois, nous avions cinquante-huit ans, trois valises, une adresse et douze francs. \u00bb<\/p>\n<\/blockquote>\n<p data-start=\"17146\" data-end=\"17380\">Bucci vit \u00e0 Paris pendant huit ans. M\u00eame apr\u00e8s son retour en Italie, il conserve cependant un atelier et un r\u00e9seau \u00e9troit de relations dans la capitale fran\u00e7aise jusqu\u2019au milieu des ann\u00e9es 1930.<\/p>\n<p data-start=\"17382\" data-end=\"17458\">Paris devient le lieu de sa maturation artistique et de ses premiers succ\u00e8s.<\/p>\n<p data-start=\"17460\" data-end=\"17699\">Durant ses premi\u00e8res ann\u00e9es, il fr\u00e9quente le milieu boh\u00e8me de <strong data-start=\"17522\" data-end=\"17534\">La Ruche<\/strong>, \u00e0 Montparnasse. Il y rencontre notamment Gino Severini, Amedeo Modigliani, Lorenzo Viani, Pablo Picasso et Maurice Utrillo.<\/p>\n<p data-start=\"17701\" data-end=\"17802\">Pour vivre, il retouche des photographies, r\u00e9alise des portraits et travaille intens\u00e9ment la gravure.<\/p>\n<p data-start=\"17804\" data-end=\"17994\">La s\u00e9rie de pointes s\u00e8ches <em data-start=\"17831\" data-end=\"17848\">Paris qui bouge<\/em> constitue l\u2019un des sommets de cette p\u00e9riode. Bucci y observe les rues, les caf\u00e9s, les places, les toits et le mouvement incessant de la capitale.<\/p>\n<p data-start=\"17996\" data-end=\"18233\"><strong data-start=\"17996\" data-end=\"18013\">Juliette Mar\u00e9<\/strong>, sa compagne et sa muse, occupe \u00e9galement une place essentielle dans son \u0153uvre de jeunesse. Il la repr\u00e9sente en robes \u00e9l\u00e9gantes ou dans des costumes inspir\u00e9s de la mode japonaise.<\/p>\n<p data-start=\"18235\" data-end=\"18481\">Entre 1909 et 1914, Bucci voyage aussi beaucoup. Il d\u00e9couvre le sud de la France, la Sardaigne, la Bretagne et l\u2019Alg\u00e9rie. Ces s\u00e9jours enrichissent sa peinture de nouvelles lumi\u00e8res et de nouvelles couleurs.<\/p>\n<h2 data-section-id=\"1xj68is\" data-start=\"18483\" data-end=\"18537\">L\u2019\u0153uvre graphique et la ma\u00eetrise de la pointe s\u00e8che<\/h2>\n<p data-start=\"18539\" data-end=\"18644\">L\u2019un des ensembles les plus importants de l\u2019exposition du Mart est consacr\u00e9 \u00e0 l\u2019\u0153uvre graphique de Bucci.<\/p>\n<p data-start=\"18646\" data-end=\"18812\">Un inventaire \u00e9tabli par l\u2019artiste en 1936 recense <strong data-start=\"18697\" data-end=\"18737\">6 910 dessins et 417 plaques grav\u00e9es<\/strong>. Ces chiffres donnent la mesure d\u2019une pratique extraordinairement intense.<\/p>\n<p data-start=\"18814\" data-end=\"18952\">Pour Bucci, la gravure n\u2019est pas une activit\u00e9 secondaire. Elle constitue l\u2019un des principaux langages de son observation du monde moderne.<\/p>\n<p data-start=\"18954\" data-end=\"19121\">Ses estampes associent pr\u00e9cision technique et rapidit\u00e9 du regard. Rues, foules, animaux et gestes fugitifs deviennent les fragments d\u2019un univers toujours en mouvement.<\/p>\n<h2 data-section-id=\"d6bw9r\" data-start=\"19123\" data-end=\"19153\">La ville observ\u00e9e d\u2019en haut<\/h2>\n<p data-start=\"19155\" data-end=\"19246\">La vue en hauteur constitue l\u2019un des motifs les plus reconnaissables dans l\u2019\u0153uvre de Bucci.<\/p>\n<p data-start=\"19248\" data-end=\"19420\">L\u2019artiste choisit souvent des appartements et des ateliers situ\u00e9s dans les \u00e9tages sup\u00e9rieurs. Fen\u00eatres, balcons et terrasses deviennent ainsi des observatoires privil\u00e9gi\u00e9s.<\/p>\n<p data-start=\"19422\" data-end=\"19605\">Dans <em data-start=\"19427\" data-end=\"19444\">Tetti di Parigi<\/em>, la neige et la brume dissolvent la structure de la ville. Le paysage urbain se transforme en espace int\u00e9rieur, domin\u00e9 par des tonalit\u00e9s grises et silencieuses.<\/p>\n<p data-start=\"19607\" data-end=\"19699\">Apr\u00e8s son retour en Italie, l\u2019urbanisation rapide de Milan offre \u00e0 Bucci de nouveaux sujets.<\/p>\n<p data-start=\"19701\" data-end=\"19856\">Depuis le balcon de son atelier de Via Jean Jaur\u00e8s, pr\u00e8s des voies de la gare Centrale, il assiste \u00e0 la transformation progressive de la campagne en ville.<\/p>\n<p data-start=\"19858\" data-end=\"19991\">Le paysage urbain devient d\u00e8s lors bien plus qu\u2019un sujet. Il lui permet d\u2019\u00e9voquer les tensions et les drames de la vie contemporaine.<\/p>\n<p data-start=\"19993\" data-end=\"20287\"><em data-start=\"19993\" data-end=\"20003\">Il lampo<\/em> est l\u2019une des \u0153uvres majeures de cette recherche. Pr\u00e9sent\u00e9e \u00e0 la Biennale de Venise de 1922, elle montre une p\u00e9riph\u00e9rie milanaise soudain troubl\u00e9e par un \u00e9clair. Les chevaux prennent peur tandis que les passants cherchent \u00e0 se mettre \u00e0 l\u2019abri.<\/p>\n<h2 data-section-id=\"1jl278b\" data-start=\"20289\" data-end=\"20334\">Les remarquables portraits d\u2019Anselmo Bucci<\/h2>\n<p data-start=\"20336\" data-end=\"20408\">L\u2019int\u00e9r\u00eat de Bucci pour le portrait remonte \u00e0 son enfance pass\u00e9e \u00e0 Este.<\/p>\n<p data-start=\"20410\" data-end=\"20601\">\u00c0 Paris, cette pratique lui permet \u00e9galement de cr\u00e9er des relations professionnelles importantes. Apr\u00e8s son retour en Italie, le portrait devient un lien privil\u00e9gi\u00e9 avec la soci\u00e9t\u00e9 milanaise.<\/p>\n<p data-start=\"20603\" data-end=\"20717\">Le monumental <em data-start=\"20617\" data-end=\"20645\">Ritratto di signora in blu<\/em> r\u00e9interpr\u00e8te le mod\u00e8le du portrait assis en pied h\u00e9rit\u00e9 du XIXe si\u00e8cle.<\/p>\n<p data-start=\"20719\" data-end=\"20854\">Dans d\u2019autres \u0153uvres, Bucci choisit un cadrage frontal \u00e0 mi-corps, plus proche de la photographie et des cartes postales de son \u00e9poque.<\/p>\n<p data-start=\"20856\" data-end=\"20953\">Les portraits d\u2019Anita, de Cipriano Efisio Oppo et d\u2019Elena Fambri appartiennent \u00e0 cette recherche.<\/p>\n<p data-start=\"20955\" data-end=\"21157\"><em data-start=\"20955\" data-end=\"20969\">Rosa Rodrigo<\/em>, \u00e9galement connue sous le titre <em data-start=\"21002\" data-end=\"21012\">La Bella<\/em>, se distingue par une intensit\u00e9 particuli\u00e8re. Bucci \u00e9vite l\u2019anecdote et concentre toute son attention sur la pr\u00e9sence et le caract\u00e8re du mod\u00e8le.<\/p>\n<h2 data-section-id=\"2oi0rw\" data-start=\"21159\" data-end=\"21200\">Anselmo Bucci et le Novecento Italiano<\/h2>\n<p data-start=\"21202\" data-end=\"21333\">Anselmo Bucci compte parmi les fondateurs du <strong data-start=\"21247\" data-end=\"21269\">Novecento Italiano<\/strong>, soutenu par la critique et intellectuelle Margherita Sarfatti.<\/p>\n<p data-start=\"21335\" data-end=\"21512\">Le mouvement cherche \u00e0 renouveler la tradition figurative italienne. Il privil\u00e9gie la solidit\u00e9 des formes, l\u2019\u00e9quilibre des compositions et une conception moderne du classicisme.<\/p>\n<p data-start=\"21514\" data-end=\"21607\">Cette ambition appara\u00eet apr\u00e8s les transformations radicales introduites par les avant-gardes.<\/p>\n<p data-start=\"21609\" data-end=\"21685\">Bucci apporte cependant au mouvement une exp\u00e9rience profond\u00e9ment europ\u00e9enne.<\/p>\n<p data-start=\"21687\" data-end=\"21843\">Sa connaissance des ma\u00eetres anciens dialogue avec sa formation parisienne, les influences postimpressionnistes et la pratique de la peinture <em data-start=\"21828\" data-end=\"21842\">en plein air<\/em>.<\/p>\n<p data-start=\"21845\" data-end=\"22070\"><em data-start=\"21845\" data-end=\"21856\">I Pittori<\/em> est l\u2019une des \u0153uvres les plus repr\u00e9sentatives de cette p\u00e9riode. Le tableau est pr\u00e9sent\u00e9 \u00e0 la Biennale de Venise de 1924, dans la section consacr\u00e9e aux peintres du Novecento.<\/p>\n<p data-start=\"22072\" data-end=\"22201\">Bucci s\u2019y repr\u00e9sente en train de travailler sur les murs d\u2019une \u00e9glise. \u00c0 l\u2019arri\u00e8re-plan s\u2019ouvre une vue lumineuse de Fossombrone.<\/p>\n<p data-start=\"22203\" data-end=\"22380\">Son go\u00fbt pour les constructions spatiales complexes appara\u00eet \u00e9galement dans <em data-start=\"22279\" data-end=\"22293\">I Giocolieri<\/em>. Les figures y sont organis\u00e9es selon des poses difficiles et volontairement virtuoses.<\/p>\n<p data-start=\"22382\" data-end=\"22490\">Dans <em data-start=\"22387\" data-end=\"22398\">La Scuola<\/em>, les jeunes \u00e9l\u00e8ves de sa s\u0153ur sont au contraire inscrites dans une architecture rigoureuse.<\/p>\n<h2 data-section-id=\"dgon0n\" data-start=\"22492\" data-end=\"22540\">Nature, animaux et illustrations pour Kipling<\/h2>\n<p data-start=\"22542\" data-end=\"22633\">La relation de Bucci au monde animal est affective, artistique et profond\u00e9ment personnelle.<\/p>\n<p data-start=\"22635\" data-end=\"22788\">Pendant ses ann\u00e9es parisiennes, il adopte deux jeunes chiens-loups, <strong data-start=\"22703\" data-end=\"22721\">Baloo et Loute<\/strong>. Ils deviennent les protagonistes de nombreux dessins et gravures.<\/p>\n<p data-start=\"22790\" data-end=\"22898\">Plus tard, son appartement milanais accueille une tortue appel\u00e9e <strong data-start=\"22855\" data-end=\"22863\">Pupa<\/strong> et une oie surnomm\u00e9e <strong data-start=\"22885\" data-end=\"22897\">Gertrude<\/strong>.<\/p>\n<p data-start=\"22900\" data-end=\"23055\">Cette derni\u00e8re inspire <em data-start=\"22923\" data-end=\"22948\">Le oche del Campidoglio<\/em>. Bucci y revisite avec ironie un \u00e9pisode de l\u2019histoire romaine souvent utilis\u00e9 par la propagande fasciste.<\/p>\n<p data-start=\"23057\" data-end=\"23180\">Vers 1924, il commence \u00e0 travailler sur un ensemble de pointes s\u00e8ches inspir\u00e9es du <em data-start=\"23140\" data-end=\"23160\">Livre de la jungle<\/em> de Rudyard Kipling.<\/p>\n<p data-start=\"23182\" data-end=\"23354\">Ce projet devient l\u2019une des expressions les plus abouties de son int\u00e9r\u00eat pour le monde animal. Il associe sa virtuosit\u00e9 graphique \u00e0 une imagination profond\u00e9ment litt\u00e9raire.<\/p>\n<p data-start=\"23356\" data-end=\"23471\">Les \u0153uvres li\u00e9es \u00e0 Kipling sont pr\u00e9sent\u00e9es \u00e0 la Biennale de Venise de 1926.<\/p>\n<p data-start=\"23473\" data-end=\"23675\">Cette recherche aboutit \u00e9galement \u00e0 de grandes compositions animali\u00e8res, parmi lesquelles <em data-start=\"23563\" data-end=\"23581\">Uscita dall\u2019Arca<\/em>. L\u2019\u0153uvre est expos\u00e9e \u00e0 la Biennale de Venise de 1928.<\/p>\n<h2 data-section-id=\"1muvof1\" data-start=\"23677\" data-end=\"23730\">I Maschi : une \u0153uvre monumentale et obsessionnelle<\/h2>\n<p data-start=\"23732\" data-end=\"23797\">Parmi les \u0153uvres les plus ambitieuses de Bucci figure <em data-start=\"23786\" data-end=\"23796\">I Maschi<\/em>.<\/p>\n<p data-start=\"23799\" data-end=\"24002\">Cette toile monumentale est con\u00e7ue \u00e0 Paris en 1911 puis retravaill\u00e9e \u00e0 plusieurs reprises jusqu\u2019en 1924. Le Mart retient donc la datation officielle <strong data-start=\"23948\" data-end=\"23961\">1911\u20131924<\/strong>.<\/p>\n<p data-start=\"24004\" data-end=\"24087\">La composition repr\u00e9sente un violent affrontement entre des hommes et des Amazones.<\/p>\n<p data-start=\"24089\" data-end=\"24187\">Le sujet appartient \u00e0 la mythologie, mais sa signification est loin d\u2019\u00eatre distante ou acad\u00e9mique.<\/p>\n<p data-start=\"24189\" data-end=\"24357\">La premi\u00e8re conception \u00e9tait plus lumineuse et d\u00e9corative. Lorsque Bucci reprend la toile au d\u00e9but des ann\u00e9es 1920, son langage devient plus sombre et plus synth\u00e9tique.<\/p>\n<p data-start=\"24359\" data-end=\"24418\">L\u2019\u0153uvre se rapproche alors du climat du Novecento Italiano.<\/p>\n<p data-start=\"24420\" data-end=\"24535\">Bucci envisage de la pr\u00e9senter \u00e0 la Biennale de Venise de 1924. Il choisit finalement d\u2019exposer d\u2019autres peintures.<\/p>\n<p data-start=\"24537\" data-end=\"24696\">Il conserve cependant <em data-start=\"24559\" data-end=\"24569\">I Maschi<\/em> toute sa vie et parvient \u00e0 la sauver des bombardements qui d\u00e9truisent son atelier milanais pendant la Seconde Guerre mondiale.<\/p>\n<p data-start=\"24698\" data-end=\"24917\">Restaur\u00e9e \u00e0 l\u2019occasion de l\u2019exposition de Rovereto, l\u2019immense toile cl\u00f4t aujourd\u2019hui le parcours du Mart. Fait remarquable, elle est pr\u00e9sent\u00e9e pour la premi\u00e8re fois dans un mus\u00e9e.<\/p>\n<p data-start=\"24919\" data-end=\"25017\">Peu d\u2019\u0153uvres r\u00e9unissent avec autant de force les diff\u00e9rentes facettes de la personnalit\u00e9 de Bucci.<\/p>\n<p data-start=\"25019\" data-end=\"25263\">On y retrouve l\u2019ambition, l\u2019ironie, la tension physique et la m\u00e9lancolie. Mais surtout cette ind\u00e9pendance qui fait de Bucci l\u2019une des personnalit\u00e9s les plus fascinantes et les plus difficiles \u00e0 enfermer dans une cat\u00e9gorie du XXe si\u00e8cle italien.<\/p>\n","protected":false},"excerpt":{"rendered":"<p>J\u2019aimerais commencer cet article consacr\u00e9 \u00e0 la remarquable exposition Anselmo Bucci. Il tempo del Novecento tra Italia e Europa par [&hellip;]<\/p>\n","protected":false},"author":9,"featured_media":127242,"comment_status":"closed","ping_status":"closed","sticky":false,"template":"","format":"standard","meta":{"_acf_changed":false,"footnotes":""},"categories":[1449],"tags":[6737],"class_list":["post-127231","post","type-post","status-publish","format-standard","has-post-thumbnail","hentry","category-magazine-fr","tag-lart-italien-du-xxe-siecle"],"acf":[],"yoast_head":"<!-- This site is optimized with the Yoast SEO Premium plugin v28.4 (Yoast SEO v28.4) - https:\/\/yoast.com\/product\/yoast-seo-premium-wordpress\/ -->\n<title>Anselmo Bucci au Mart de Rovereto -<\/title>\n<meta name=\"description\" content=\"Anselmo Bucci au Mart de Rovereto : plus de 150 \u0153uvres entre Paris, Novecento Italiano, gravure, portraits, animaux et I Maschi.\" \/>\n<meta name=\"robots\" content=\"index, follow, max-snippet:-1, max-image-preview:large, max-video-preview:-1\" \/>\n<link rel=\"canonical\" href=\"https:\/\/egidimadeinitaly.com\/fr\/anselmo-bucci-mart-rovereto\/\" \/>\n<meta property=\"og:locale\" content=\"fr_FR\" \/>\n<meta property=\"og:type\" content=\"article\" \/>\n<meta property=\"og:title\" content=\"Anselmo Bucci au Mart de Rovereto\" \/>\n<meta property=\"og:description\" content=\"J\u2019aimerais commencer cet article consacr\u00e9 \u00e0 la remarquable exposition Anselmo Bucci. Il tempo del Novecento tra Italia e Europa par deux phrases de\" \/>\n<meta property=\"og:url\" content=\"https:\/\/egidimadeinitaly.com\/fr\/anselmo-bucci-mart-rovereto\/\" \/>\n<meta property=\"og:site_name\" content=\"Egidi MadeinItaly\" \/>\n<meta property=\"article:publisher\" content=\"https:\/\/www.facebook.com\/egidimadeinitaly\/\" \/>\n<meta property=\"article:published_time\" content=\"2026-09-03T22:00:10+00:00\" \/>\n<meta property=\"article:modified_time\" content=\"2026-09-03T22:50:08+00:00\" \/>\n<meta property=\"og:image\" content=\"https:\/\/egidimadeinitaly.com\/v25\/wp-content\/uploads\/2026\/09\/Giocolieri-1923-scaled.webp\" \/>\n\t<meta property=\"og:image:width\" content=\"1440\" \/>\n\t<meta property=\"og:image:height\" content=\"2560\" \/>\n\t<meta property=\"og:image:type\" content=\"image\/webp\" \/>\n<meta name=\"author\" content=\"Sabrina Egidi\" \/>\n<script type=\"application\/ld+json\" class=\"yoast-schema-graph\">{\"@context\":\"https:\\\/\\\/schema.org\",\"@graph\":[{\"@type\":\"Article\",\"@id\":\"https:\\\/\\\/egidimadeinitaly.com\\\/fr\\\/anselmo-bucci-mart-rovereto\\\/#article\",\"isPartOf\":{\"@id\":\"https:\\\/\\\/egidimadeinitaly.com\\\/fr\\\/anselmo-bucci-mart-rovereto\\\/\"},\"author\":{\"name\":\"Sabrina Egidi\",\"@id\":\"https:\\\/\\\/egidimadeinitaly.com\\\/fr\\\/#\\\/schema\\\/person\\\/6723cc7bd1bded901c15c844a8ad09ac\"},\"headline\":\"Anselmo Bucci au Mart de Rovereto\",\"datePublished\":\"2026-09-03T22:00:10+00:00\",\"dateModified\":\"2026-09-03T22:50:08+00:00\",\"mainEntityOfPage\":{\"@id\":\"https:\\\/\\\/egidimadeinitaly.com\\\/fr\\\/anselmo-bucci-mart-rovereto\\\/\"},\"wordCount\":1829,\"image\":{\"@id\":\"https:\\\/\\\/egidimadeinitaly.com\\\/fr\\\/anselmo-bucci-mart-rovereto\\\/#primaryimage\"},\"thumbnailUrl\":\"https:\\\/\\\/egidimadeinitaly.com\\\/v25\\\/wp-content\\\/uploads\\\/2026\\\/09\\\/Giocolieri-1923-scaled.webp\",\"keywords\":[\"L'art italien du XXe si\u00e8cle\"],\"articleSection\":[\"Magazine\"],\"inLanguage\":\"fr-FR\"},{\"@type\":\"WebPage\",\"@id\":\"https:\\\/\\\/egidimadeinitaly.com\\\/fr\\\/anselmo-bucci-mart-rovereto\\\/\",\"url\":\"https:\\\/\\\/egidimadeinitaly.com\\\/fr\\\/anselmo-bucci-mart-rovereto\\\/\",\"name\":\"Anselmo Bucci au Mart de Rovereto -\",\"isPartOf\":{\"@id\":\"https:\\\/\\\/egidimadeinitaly.com\\\/fr\\\/#website\"},\"primaryImageOfPage\":{\"@id\":\"https:\\\/\\\/egidimadeinitaly.com\\\/fr\\\/anselmo-bucci-mart-rovereto\\\/#primaryimage\"},\"image\":{\"@id\":\"https:\\\/\\\/egidimadeinitaly.com\\\/fr\\\/anselmo-bucci-mart-rovereto\\\/#primaryimage\"},\"thumbnailUrl\":\"https:\\\/\\\/egidimadeinitaly.com\\\/v25\\\/wp-content\\\/uploads\\\/2026\\\/09\\\/Giocolieri-1923-scaled.webp\",\"datePublished\":\"2026-09-03T22:00:10+00:00\",\"dateModified\":\"2026-09-03T22:50:08+00:00\",\"author\":{\"@id\":\"https:\\\/\\\/egidimadeinitaly.com\\\/fr\\\/#\\\/schema\\\/person\\\/6723cc7bd1bded901c15c844a8ad09ac\"},\"description\":\"Anselmo Bucci au Mart de Rovereto : plus de 150 \u0153uvres entre Paris, Novecento Italiano, gravure, portraits, animaux et I Maschi.\",\"breadcrumb\":{\"@id\":\"https:\\\/\\\/egidimadeinitaly.com\\\/fr\\\/anselmo-bucci-mart-rovereto\\\/#breadcrumb\"},\"inLanguage\":\"fr-FR\",\"potentialAction\":[{\"@type\":\"ReadAction\",\"target\":[\"https:\\\/\\\/egidimadeinitaly.com\\\/fr\\\/anselmo-bucci-mart-rovereto\\\/\"]}]},{\"@type\":\"ImageObject\",\"inLanguage\":\"fr-FR\",\"@id\":\"https:\\\/\\\/egidimadeinitaly.com\\\/fr\\\/anselmo-bucci-mart-rovereto\\\/#primaryimage\",\"url\":\"https:\\\/\\\/egidimadeinitaly.com\\\/v25\\\/wp-content\\\/uploads\\\/2026\\\/09\\\/Giocolieri-1923-scaled.webp\",\"contentUrl\":\"https:\\\/\\\/egidimadeinitaly.com\\\/v25\\\/wp-content\\\/uploads\\\/2026\\\/09\\\/Giocolieri-1923-scaled.webp\",\"width\":1440,\"height\":2560,\"caption\":\"Anselmo Bucci \u2013 I Giocolieri, 1923\"},{\"@type\":\"BreadcrumbList\",\"@id\":\"https:\\\/\\\/egidimadeinitaly.com\\\/fr\\\/anselmo-bucci-mart-rovereto\\\/#breadcrumb\",\"itemListElement\":[{\"@type\":\"ListItem\",\"position\":1,\"name\":\"Home\",\"item\":\"https:\\\/\\\/egidimadeinitaly.com\\\/fr\\\/\"},{\"@type\":\"ListItem\",\"position\":2,\"name\":\"Magazine\",\"item\":\"https:\\\/\\\/egidimadeinitaly.com\\\/fr\\\/category\\\/magazine-fr\\\/\"},{\"@type\":\"ListItem\",\"position\":3,\"name\":\"Anselmo Bucci au Mart de Rovereto\"}]},{\"@type\":\"WebSite\",\"@id\":\"https:\\\/\\\/egidimadeinitaly.com\\\/fr\\\/#website\",\"url\":\"https:\\\/\\\/egidimadeinitaly.com\\\/fr\\\/\",\"name\":\"Egidi MadeinItaly\",\"description\":\"Fine Art\",\"potentialAction\":[{\"@type\":\"SearchAction\",\"target\":{\"@type\":\"EntryPoint\",\"urlTemplate\":\"https:\\\/\\\/egidimadeinitaly.com\\\/fr\\\/?s={search_term_string}\"},\"query-input\":{\"@type\":\"PropertyValueSpecification\",\"valueRequired\":true,\"valueName\":\"search_term_string\"}}],\"inLanguage\":\"fr-FR\"},{\"@type\":\"Person\",\"@id\":\"https:\\\/\\\/egidimadeinitaly.com\\\/fr\\\/#\\\/schema\\\/person\\\/6723cc7bd1bded901c15c844a8ad09ac\",\"name\":\"Sabrina Egidi\",\"image\":{\"@type\":\"ImageObject\",\"inLanguage\":\"fr-FR\",\"@id\":\"https:\\\/\\\/secure.gravatar.com\\\/avatar\\\/a40fdbc55bf918bb816497bc3c90e4c5c27f15a4085cd750f2c78f47ae05c7d1?s=96&d=mm&r=g\",\"url\":\"https:\\\/\\\/secure.gravatar.com\\\/avatar\\\/a40fdbc55bf918bb816497bc3c90e4c5c27f15a4085cd750f2c78f47ae05c7d1?s=96&d=mm&r=g\",\"contentUrl\":\"https:\\\/\\\/secure.gravatar.com\\\/avatar\\\/a40fdbc55bf918bb816497bc3c90e4c5c27f15a4085cd750f2c78f47ae05c7d1?s=96&d=mm&r=g\",\"caption\":\"Sabrina Egidi\"}}]}<\/script>\n<!-- \/ Yoast SEO Premium plugin. -->","yoast_head_json":{"title":"Anselmo Bucci au Mart de Rovereto -","description":"Anselmo Bucci au Mart de Rovereto : plus de 150 \u0153uvres entre Paris, Novecento Italiano, gravure, portraits, animaux et I Maschi.","robots":{"index":"index","follow":"follow","max-snippet":"max-snippet:-1","max-image-preview":"max-image-preview:large","max-video-preview":"max-video-preview:-1"},"canonical":"https:\/\/egidimadeinitaly.com\/fr\/anselmo-bucci-mart-rovereto\/","og_locale":"fr_FR","og_type":"article","og_title":"Anselmo Bucci au Mart de Rovereto","og_description":"J\u2019aimerais commencer cet article consacr\u00e9 \u00e0 la remarquable exposition Anselmo Bucci. Il tempo del Novecento tra Italia e Europa par deux phrases de","og_url":"https:\/\/egidimadeinitaly.com\/fr\/anselmo-bucci-mart-rovereto\/","og_site_name":"Egidi MadeinItaly","article_publisher":"https:\/\/www.facebook.com\/egidimadeinitaly\/","article_published_time":"2026-09-03T22:00:10+00:00","article_modified_time":"2026-09-03T22:50:08+00:00","og_image":[{"width":1440,"height":2560,"url":"https:\/\/egidimadeinitaly.com\/v25\/wp-content\/uploads\/2026\/09\/Giocolieri-1923-scaled.webp","type":"image\/webp"}],"author":"Sabrina Egidi","schema":{"@context":"https:\/\/schema.org","@graph":[{"@type":"Article","@id":"https:\/\/egidimadeinitaly.com\/fr\/anselmo-bucci-mart-rovereto\/#article","isPartOf":{"@id":"https:\/\/egidimadeinitaly.com\/fr\/anselmo-bucci-mart-rovereto\/"},"author":{"name":"Sabrina Egidi","@id":"https:\/\/egidimadeinitaly.com\/fr\/#\/schema\/person\/6723cc7bd1bded901c15c844a8ad09ac"},"headline":"Anselmo Bucci au Mart de Rovereto","datePublished":"2026-09-03T22:00:10+00:00","dateModified":"2026-09-03T22:50:08+00:00","mainEntityOfPage":{"@id":"https:\/\/egidimadeinitaly.com\/fr\/anselmo-bucci-mart-rovereto\/"},"wordCount":1829,"image":{"@id":"https:\/\/egidimadeinitaly.com\/fr\/anselmo-bucci-mart-rovereto\/#primaryimage"},"thumbnailUrl":"https:\/\/egidimadeinitaly.com\/v25\/wp-content\/uploads\/2026\/09\/Giocolieri-1923-scaled.webp","keywords":["L'art italien du XXe si\u00e8cle"],"articleSection":["Magazine"],"inLanguage":"fr-FR"},{"@type":"WebPage","@id":"https:\/\/egidimadeinitaly.com\/fr\/anselmo-bucci-mart-rovereto\/","url":"https:\/\/egidimadeinitaly.com\/fr\/anselmo-bucci-mart-rovereto\/","name":"Anselmo Bucci au Mart de Rovereto -","isPartOf":{"@id":"https:\/\/egidimadeinitaly.com\/fr\/#website"},"primaryImageOfPage":{"@id":"https:\/\/egidimadeinitaly.com\/fr\/anselmo-bucci-mart-rovereto\/#primaryimage"},"image":{"@id":"https:\/\/egidimadeinitaly.com\/fr\/anselmo-bucci-mart-rovereto\/#primaryimage"},"thumbnailUrl":"https:\/\/egidimadeinitaly.com\/v25\/wp-content\/uploads\/2026\/09\/Giocolieri-1923-scaled.webp","datePublished":"2026-09-03T22:00:10+00:00","dateModified":"2026-09-03T22:50:08+00:00","author":{"@id":"https:\/\/egidimadeinitaly.com\/fr\/#\/schema\/person\/6723cc7bd1bded901c15c844a8ad09ac"},"description":"Anselmo Bucci au Mart de Rovereto : plus de 150 \u0153uvres entre Paris, Novecento Italiano, gravure, portraits, animaux et I Maschi.","breadcrumb":{"@id":"https:\/\/egidimadeinitaly.com\/fr\/anselmo-bucci-mart-rovereto\/#breadcrumb"},"inLanguage":"fr-FR","potentialAction":[{"@type":"ReadAction","target":["https:\/\/egidimadeinitaly.com\/fr\/anselmo-bucci-mart-rovereto\/"]}]},{"@type":"ImageObject","inLanguage":"fr-FR","@id":"https:\/\/egidimadeinitaly.com\/fr\/anselmo-bucci-mart-rovereto\/#primaryimage","url":"https:\/\/egidimadeinitaly.com\/v25\/wp-content\/uploads\/2026\/09\/Giocolieri-1923-scaled.webp","contentUrl":"https:\/\/egidimadeinitaly.com\/v25\/wp-content\/uploads\/2026\/09\/Giocolieri-1923-scaled.webp","width":1440,"height":2560,"caption":"Anselmo Bucci \u2013 I Giocolieri, 1923"},{"@type":"BreadcrumbList","@id":"https:\/\/egidimadeinitaly.com\/fr\/anselmo-bucci-mart-rovereto\/#breadcrumb","itemListElement":[{"@type":"ListItem","position":1,"name":"Home","item":"https:\/\/egidimadeinitaly.com\/fr\/"},{"@type":"ListItem","position":2,"name":"Magazine","item":"https:\/\/egidimadeinitaly.com\/fr\/category\/magazine-fr\/"},{"@type":"ListItem","position":3,"name":"Anselmo Bucci au Mart de Rovereto"}]},{"@type":"WebSite","@id":"https:\/\/egidimadeinitaly.com\/fr\/#website","url":"https:\/\/egidimadeinitaly.com\/fr\/","name":"Egidi MadeinItaly","description":"Fine Art","potentialAction":[{"@type":"SearchAction","target":{"@type":"EntryPoint","urlTemplate":"https:\/\/egidimadeinitaly.com\/fr\/?s={search_term_string}"},"query-input":{"@type":"PropertyValueSpecification","valueRequired":true,"valueName":"search_term_string"}}],"inLanguage":"fr-FR"},{"@type":"Person","@id":"https:\/\/egidimadeinitaly.com\/fr\/#\/schema\/person\/6723cc7bd1bded901c15c844a8ad09ac","name":"Sabrina Egidi","image":{"@type":"ImageObject","inLanguage":"fr-FR","@id":"https:\/\/secure.gravatar.com\/avatar\/a40fdbc55bf918bb816497bc3c90e4c5c27f15a4085cd750f2c78f47ae05c7d1?s=96&d=mm&r=g","url":"https:\/\/secure.gravatar.com\/avatar\/a40fdbc55bf918bb816497bc3c90e4c5c27f15a4085cd750f2c78f47ae05c7d1?s=96&d=mm&r=g","contentUrl":"https:\/\/secure.gravatar.com\/avatar\/a40fdbc55bf918bb816497bc3c90e4c5c27f15a4085cd750f2c78f47ae05c7d1?s=96&d=mm&r=g","caption":"Sabrina Egidi"}}]}},"_links":{"self":[{"href":"https:\/\/egidimadeinitaly.com\/fr\/wp-json\/wp\/v2\/posts\/127231","targetHints":{"allow":["GET"]}}],"collection":[{"href":"https:\/\/egidimadeinitaly.com\/fr\/wp-json\/wp\/v2\/posts"}],"about":[{"href":"https:\/\/egidimadeinitaly.com\/fr\/wp-json\/wp\/v2\/types\/post"}],"author":[{"embeddable":true,"href":"https:\/\/egidimadeinitaly.com\/fr\/wp-json\/wp\/v2\/users\/9"}],"replies":[{"embeddable":true,"href":"https:\/\/egidimadeinitaly.com\/fr\/wp-json\/wp\/v2\/comments?post=127231"}],"version-history":[{"count":1,"href":"https:\/\/egidimadeinitaly.com\/fr\/wp-json\/wp\/v2\/posts\/127231\/revisions"}],"predecessor-version":[{"id":127279,"href":"https:\/\/egidimadeinitaly.com\/fr\/wp-json\/wp\/v2\/posts\/127231\/revisions\/127279"}],"wp:featuredmedia":[{"embeddable":true,"href":"https:\/\/egidimadeinitaly.com\/fr\/wp-json\/wp\/v2\/media\/127242"}],"wp:attachment":[{"href":"https:\/\/egidimadeinitaly.com\/fr\/wp-json\/wp\/v2\/media?parent=127231"}],"wp:term":[{"taxonomy":"category","embeddable":true,"href":"https:\/\/egidimadeinitaly.com\/fr\/wp-json\/wp\/v2\/categories?post=127231"},{"taxonomy":"post_tag","embeddable":true,"href":"https:\/\/egidimadeinitaly.com\/fr\/wp-json\/wp\/v2\/tags?post=127231"}],"curies":[{"name":"wp","href":"https:\/\/api.w.org\/{rel}","templated":true}]}}