{"id":125175,"date":"2025-09-16T15:15:09","date_gmt":"2025-09-16T14:15:09","guid":{"rendered":"https:\/\/egidimadeinitaly.com\/?p=125175"},"modified":"2025-09-16T15:49:11","modified_gmt":"2025-09-16T14:49:11","slug":"les-macchiaioli","status":"publish","type":"post","link":"https:\/\/egidimadeinitaly.com\/fr\/les-macchiaioli\/","title":{"rendered":"Les Macchiaioli\u00a0"},"content":{"rendered":"<h2 dir=\"auto\">Les Macchiaioli<\/h2>\n<h2 dir=\"auto\"><span style=\"font-size: 14px;\">Le mouvement artistique Italien du XIXe Si\u00e8cle<\/span><\/h2>\n<p dir=\"auto\">Le mouvement des Macchiaioli \u00e9mergea \u00e0 Florence vers 1855 en r\u00e9action aux normes acad\u00e9miques rigides.<\/p>\n<p dir=\"auto\">Les artistes se r\u00e9unissaient au Caff\u00e8 Michelangiolo, inspir\u00e9s par les avant-gardes fran\u00e7aises, et le groupe dura jusqu&rsquo;en 1867.<\/p>\n<p dir=\"auto\">Influences cl\u00e9s incluent le \u00ab\u00a0ton gris\u00a0\u00bb observ\u00e9 par <strong>Saverio Altamura<\/strong> \u00e0 l&rsquo;Exposition Universelle et la collection du <strong>prince Anatolio Demidoff<\/strong> avec des \u0153uvres d&rsquo;Ingres, Corot et Delacroix.<\/p>\n<h4 dir=\"auto\">Influences ext\u00e9rieures et racines toscanes<\/h4>\n<p dir=\"auto\">Des artistes comme Domenico Morelli et Serafino De Tivoli apport\u00e8rent des impulsions innovantes de Paris.<\/p>\n<p dir=\"auto\">Enracin\u00e9s en Toscane, les Macchiaioli voyageaient en France, se confrontant aux Barbizonniers et aux Impressionnistes, en se concentrant sur des sujets quotidiens et un chromatisme local.<\/p>\n<h3 dir=\"auto\">Caract\u00e9ristiques principales des Macchiaioli<\/h3>\n<p dir=\"auto\">Les Macchiaioli se distinguent par l&rsquo;utilisation de \u00ab\u00a0macchie\u00a0\u00bb de couleur avec des coups de pinceau rapides, la peinture en plein air pour capturer la lumi\u00e8re naturelle, l&rsquo;absence de d\u00e9tails excessifs et les repr\u00e9sentations de la vie rurale.<\/p>\n<p dir=\"auto\">Ce style anticipe des techniques modernes, en mettant l&rsquo;accent sur le r\u00e9alisme et l&rsquo;atmosph\u00e8re.<\/p>\n<h4 dir=\"auto\">La signature stylistique unique<\/h4>\n<p dir=\"auto\">Contrairement aux Impressionnistes fran\u00e7ais, les Macchiaioli privil\u00e9gient la r\u00e9alit\u00e9 quotidienne stable, avec des effets vifs de clair-obscur et des compositions \u00e9quilibr\u00e9es.<\/p>\n<h3 dir=\"auto\">Principaux peintres du mouvement Macchiaioli<\/h3>\n<p dir=\"auto\">Parmi les protagonistes : Giovanni Fattori (paysages ruraux et sc\u00e8nes militaires), Telemaco Signorini (critique et graveur, avec des \u0153uvres comme \u00ab\u00a0Le quartier des folles\u00a0\u00bb), Silvestro Lega (sc\u00e8nes domestiques m\u00e9lancoliques), Odoardo Borrani (paysages naturels), Francesco Gioli (th\u00e8mes paysans), Antonio Fontanesi (paysages romantiques influenc\u00e9s indirectement) et Raffaello Sernesi (paysages en plein air).<\/p>\n<div id='gallery-1' class='gallery galleryid-125175 gallery-columns-3 gallery-size-thumbnail'><figure class='gallery-item'>\n\t\t\t<div class='gallery-icon portrait'>\n\t\t\t\t<a href='https:\/\/egidimadeinitaly.com\/fr\/les-macchiaioli\/il-canto-di-uno-stornello-silvestro-lega-2\/'><img decoding=\"async\" width=\"150\" height=\"150\" src=\"https:\/\/egidimadeinitaly.com\/v25\/wp-content\/uploads\/2025\/09\/Il-canto-di-uno-stornello-Silvestro-Lega-150x150.avif\" class=\"attachment-thumbnail size-thumbnail\" alt=\"I Macchiaioli\" aria-describedby=\"gallery-1-125196\" srcset=\"https:\/\/egidimadeinitaly.com\/v25\/wp-content\/uploads\/2025\/09\/Il-canto-di-uno-stornello-Silvestro-Lega-150x150.avif 150w, https:\/\/egidimadeinitaly.com\/v25\/wp-content\/uploads\/2025\/09\/Il-canto-di-uno-stornello-Silvestro-Lega-348x348.avif 348w, https:\/\/egidimadeinitaly.com\/v25\/wp-content\/uploads\/2025\/09\/Il-canto-di-uno-stornello-Silvestro-Lega-300x300.avif 300w, https:\/\/egidimadeinitaly.com\/v25\/wp-content\/uploads\/2025\/09\/Il-canto-di-uno-stornello-Silvestro-Lega-100x100.avif 100w\" sizes=\"(max-width: 150px) 100vw, 150px\" \/><\/a>\n\t\t\t<\/div>\n\t\t\t\t<figcaption class='wp-caption-text gallery-caption' id='gallery-1-125196'>\n\t\t\t\tIl canto di uno stornello Silvestro Lega\n\t\t\t\t<\/figcaption><\/figure><figure class='gallery-item'>\n\t\t\t<div class='gallery-icon landscape'>\n\t\t\t\t<a href='https:\/\/egidimadeinitaly.com\/fr\/les-macchiaioli\/giovanni-fattori-buoi-in-riva-allarno-2\/'><img decoding=\"async\" width=\"150\" height=\"150\" src=\"https:\/\/egidimadeinitaly.com\/v25\/wp-content\/uploads\/2025\/09\/Giovanni-Fattori-Buoi-in-riva-allArno-150x150.webp\" class=\"attachment-thumbnail size-thumbnail\" alt=\"I Macchiaioli\" aria-describedby=\"gallery-1-125193\" srcset=\"https:\/\/egidimadeinitaly.com\/v25\/wp-content\/uploads\/2025\/09\/Giovanni-Fattori-Buoi-in-riva-allArno-150x150.webp 150w, https:\/\/egidimadeinitaly.com\/v25\/wp-content\/uploads\/2025\/09\/Giovanni-Fattori-Buoi-in-riva-allArno-348x348.webp 348w, https:\/\/egidimadeinitaly.com\/v25\/wp-content\/uploads\/2025\/09\/Giovanni-Fattori-Buoi-in-riva-allArno-300x300.webp 300w, https:\/\/egidimadeinitaly.com\/v25\/wp-content\/uploads\/2025\/09\/Giovanni-Fattori-Buoi-in-riva-allArno-100x100.webp 100w\" sizes=\"(max-width: 150px) 100vw, 150px\" \/><\/a>\n\t\t\t<\/div>\n\t\t\t\t<figcaption class='wp-caption-text gallery-caption' id='gallery-1-125193'>\n\t\t\t\tGiovanni Fattori Buoi in riva all&rsquo;Arno\n\t\t\t\t<\/figcaption><\/figure><figure class='gallery-item'>\n\t\t\t<div class='gallery-icon landscape'>\n\t\t\t\t<a href='https:\/\/egidimadeinitaly.com\/fr\/les-macchiaioli\/antonio-fontanesi-il-mattino-2\/'><img decoding=\"async\" width=\"150\" height=\"150\" src=\"https:\/\/egidimadeinitaly.com\/v25\/wp-content\/uploads\/2025\/09\/Antonio-Fontanesi-Il-mattino-150x150.webp\" class=\"attachment-thumbnail size-thumbnail\" alt=\"Les Macchiaioli sur Egidi MadeinItaly\" aria-describedby=\"gallery-1-125190\" srcset=\"https:\/\/egidimadeinitaly.com\/v25\/wp-content\/uploads\/2025\/09\/Antonio-Fontanesi-Il-mattino-150x150.webp 150w, https:\/\/egidimadeinitaly.com\/v25\/wp-content\/uploads\/2025\/09\/Antonio-Fontanesi-Il-mattino-348x348.webp 348w, https:\/\/egidimadeinitaly.com\/v25\/wp-content\/uploads\/2025\/09\/Antonio-Fontanesi-Il-mattino-300x300.webp 300w, https:\/\/egidimadeinitaly.com\/v25\/wp-content\/uploads\/2025\/09\/Antonio-Fontanesi-Il-mattino-100x100.webp 100w\" sizes=\"(max-width: 150px) 100vw, 150px\" \/><\/a>\n\t\t\t<\/div>\n\t\t\t\t<figcaption class='wp-caption-text gallery-caption' id='gallery-1-125190'>\n\t\t\t\tAntonio Fontanesi Il mattino\n\t\t\t\t<\/figcaption><\/figure>\n\t\t<\/div>\n\n<h4 dir=\"auto\">\u0152uvres c\u00e9l\u00e8bres des Macchiaioli<\/h4>\n<p dir=\"auto\">Peintures c\u00e9l\u00e8bres incluent \u00ab\u00a0Le passage de la Bianchina\u00a0\u00bb de Fattori, \u00ab\u00a0La bataille de Magenta\u00a0\u00bb de Signorini et \u00ab\u00a0Portrait de femme\u00a0\u00bb de Lega, exemplifiant le r\u00e9alisme et l&rsquo;innovation du mouvement.<\/p>\n<div id='gallery-2' class='gallery galleryid-125175 gallery-columns-3 gallery-size-thumbnail'><figure class='gallery-item'>\n\t\t\t<div class='gallery-icon portrait'>\n\t\t\t\t<a href='https:\/\/egidimadeinitaly.com\/fr\/les-macchiaioli\/serafino-de-tivoli-una-pastura-2\/'><img decoding=\"async\" width=\"150\" height=\"150\" src=\"https:\/\/egidimadeinitaly.com\/v25\/wp-content\/uploads\/2025\/09\/Serafino-De-Tivoli-Una-Pastura-150x150.avif\" class=\"attachment-thumbnail size-thumbnail\" alt=\"I Macchiaioli su Egidi MadeinItaly\" aria-describedby=\"gallery-2-125187\" srcset=\"https:\/\/egidimadeinitaly.com\/v25\/wp-content\/uploads\/2025\/09\/Serafino-De-Tivoli-Una-Pastura-150x150.avif 150w, https:\/\/egidimadeinitaly.com\/v25\/wp-content\/uploads\/2025\/09\/Serafino-De-Tivoli-Una-Pastura-348x348.avif 348w, https:\/\/egidimadeinitaly.com\/v25\/wp-content\/uploads\/2025\/09\/Serafino-De-Tivoli-Una-Pastura-300x300.avif 300w, https:\/\/egidimadeinitaly.com\/v25\/wp-content\/uploads\/2025\/09\/Serafino-De-Tivoli-Una-Pastura-100x100.avif 100w\" sizes=\"(max-width: 150px) 100vw, 150px\" \/><\/a>\n\t\t\t<\/div>\n\t\t\t\t<figcaption class='wp-caption-text gallery-caption' id='gallery-2-125187'>\n\t\t\t\tSerafino De Tivoli Una Pastura\n\t\t\t\t<\/figcaption><\/figure><figure class='gallery-item'>\n\t\t\t<div class='gallery-icon portrait'>\n\t\t\t\t<a href='https:\/\/egidimadeinitaly.com\/fr\/les-macchiaioli\/odoardo-borrani-renaioli-sul-mugnone-2\/'><img decoding=\"async\" width=\"150\" height=\"150\" src=\"https:\/\/egidimadeinitaly.com\/v25\/wp-content\/uploads\/2025\/09\/Odoardo-Borrani-Renaioli-sul-Mugnone-150x150.avif\" class=\"attachment-thumbnail size-thumbnail\" alt=\"I Macchiaioli su Egidi MadeinItaly\" aria-describedby=\"gallery-2-125184\" srcset=\"https:\/\/egidimadeinitaly.com\/v25\/wp-content\/uploads\/2025\/09\/Odoardo-Borrani-Renaioli-sul-Mugnone-150x150.avif 150w, https:\/\/egidimadeinitaly.com\/v25\/wp-content\/uploads\/2025\/09\/Odoardo-Borrani-Renaioli-sul-Mugnone-348x348.avif 348w, https:\/\/egidimadeinitaly.com\/v25\/wp-content\/uploads\/2025\/09\/Odoardo-Borrani-Renaioli-sul-Mugnone-300x300.avif 300w, https:\/\/egidimadeinitaly.com\/v25\/wp-content\/uploads\/2025\/09\/Odoardo-Borrani-Renaioli-sul-Mugnone-100x100.avif 100w\" sizes=\"(max-width: 150px) 100vw, 150px\" \/><\/a>\n\t\t\t<\/div>\n\t\t\t\t<figcaption class='wp-caption-text gallery-caption' id='gallery-2-125184'>\n\t\t\t\tOdoardo Borrani Renaioli sul Mugnone\n\t\t\t\t<\/figcaption><\/figure><figure class='gallery-item'>\n\t\t\t<div class='gallery-icon landscape'>\n\t\t\t\t<a href='https:\/\/egidimadeinitaly.com\/fr\/les-macchiaioli\/francessco-gioli-passa-il-viatico-2\/'><img decoding=\"async\" width=\"150\" height=\"150\" src=\"https:\/\/egidimadeinitaly.com\/v25\/wp-content\/uploads\/2025\/09\/Francessco-Gioli-Passa-il-viatico-150x150.avif\" class=\"attachment-thumbnail size-thumbnail\" alt=\"Il Macchiaioli\" aria-describedby=\"gallery-2-125181\" srcset=\"https:\/\/egidimadeinitaly.com\/v25\/wp-content\/uploads\/2025\/09\/Francessco-Gioli-Passa-il-viatico-150x150.avif 150w, https:\/\/egidimadeinitaly.com\/v25\/wp-content\/uploads\/2025\/09\/Francessco-Gioli-Passa-il-viatico-348x348.avif 348w, https:\/\/egidimadeinitaly.com\/v25\/wp-content\/uploads\/2025\/09\/Francessco-Gioli-Passa-il-viatico-300x300.avif 300w, https:\/\/egidimadeinitaly.com\/v25\/wp-content\/uploads\/2025\/09\/Francessco-Gioli-Passa-il-viatico-100x100.avif 100w\" sizes=\"(max-width: 150px) 100vw, 150px\" \/><\/a>\n\t\t\t<\/div>\n\t\t\t\t<figcaption class='wp-caption-text gallery-caption' id='gallery-2-125181'>\n\t\t\t\tFrancessco Gioli Passa il viatico\n\t\t\t\t<\/figcaption><\/figure>\n\t\t<\/div>\n\n<p dir=\"auto\">Les Macchiaioli r\u00e9volutionn\u00e8rent la peinture italienne du XIXe si\u00e8cle, influen\u00e7ant l&rsquo;art contemporain par leur approche r\u00e9aliste et lumineuse.<\/p>\n","protected":false},"excerpt":{"rendered":"<p>Les Macchiaioli Le mouvement artistique Italien du XIXe Si\u00e8cle Le mouvement des Macchiaioli \u00e9mergea \u00e0 Florence vers 1855 en r\u00e9action [&hellip;]<\/p>\n","protected":false},"author":9,"featured_media":125196,"comment_status":"closed","ping_status":"closed","sticky":false,"template":"","format":"standard","meta":{"_acf_changed":false,"footnotes":""},"categories":[1449],"tags":[],"class_list":["post-125175","post","type-post","status-publish","format-standard","has-post-thumbnail","hentry","category-magazine-fr"],"acf":[],"yoast_head":"<!-- This site is optimized with the Yoast SEO Premium plugin v27.4 (Yoast SEO v27.5) - https:\/\/yoast.com\/product\/yoast-seo-premium-wordpress\/ -->\n<title>Les Macchiaioli\u00a0 - Egidi MadeinItaly<\/title>\n<meta name=\"description\" content=\"Les Macchiaioli mouvement italien de peinture deuxieme moiti\u00e9 du 19e si\u00e8cle Pionniers de la peinture en plein air et de l&#039;\u00e9tude de la macchia\" \/>\n<meta name=\"robots\" content=\"index, follow, max-snippet:-1, max-image-preview:large, max-video-preview:-1\" \/>\n<link rel=\"canonical\" href=\"https:\/\/egidimadeinitaly.com\/fr\/les-macchiaioli\/\" \/>\n<meta property=\"og:locale\" content=\"fr_FR\" \/>\n<meta property=\"og:type\" content=\"article\" \/>\n<meta property=\"og:title\" content=\"Les Macchiaioli\u00a0\" \/>\n<meta property=\"og:description\" content=\"Les Macchiaioli Le mouvement artistique Italien du XIXe Si\u00e8cle Le mouvement des Macchiaioli \u00e9mergea \u00e0 Florence vers 1855 en r\u00e9action aux normes\" \/>\n<meta property=\"og:url\" content=\"https:\/\/egidimadeinitaly.com\/fr\/les-macchiaioli\/\" \/>\n<meta property=\"og:site_name\" content=\"Egidi MadeinItaly\" \/>\n<meta property=\"article:publisher\" content=\"https:\/\/www.facebook.com\/egidimadeinitaly\/\" \/>\n<meta property=\"article:published_time\" content=\"2025-09-16T14:15:09+00:00\" \/>\n<meta property=\"article:modified_time\" content=\"2025-09-16T14:49:11+00:00\" \/>\n<meta name=\"author\" content=\"Sabrina Egidi\" \/>\n<script type=\"application\/ld+json\" class=\"yoast-schema-graph\">{\"@context\":\"https:\\\/\\\/schema.org\",\"@graph\":[{\"@type\":\"Article\",\"@id\":\"https:\\\/\\\/egidimadeinitaly.com\\\/fr\\\/les-macchiaioli\\\/#article\",\"isPartOf\":{\"@id\":\"https:\\\/\\\/egidimadeinitaly.com\\\/fr\\\/les-macchiaioli\\\/\"},\"author\":{\"name\":\"Sabrina Egidi\",\"@id\":\"https:\\\/\\\/egidimadeinitaly.com\\\/fr\\\/#\\\/schema\\\/person\\\/6723cc7bd1bded901c15c844a8ad09ac\"},\"headline\":\"Les Macchiaioli\u00a0\",\"datePublished\":\"2025-09-16T14:15:09+00:00\",\"dateModified\":\"2025-09-16T14:49:11+00:00\",\"mainEntityOfPage\":{\"@id\":\"https:\\\/\\\/egidimadeinitaly.com\\\/fr\\\/les-macchiaioli\\\/\"},\"wordCount\":346,\"image\":{\"@id\":\"https:\\\/\\\/egidimadeinitaly.com\\\/fr\\\/les-macchiaioli\\\/#primaryimage\"},\"thumbnailUrl\":\"https:\\\/\\\/egidimadeinitaly.com\\\/v25\\\/wp-content\\\/uploads\\\/2025\\\/09\\\/Il-canto-di-uno-stornello-Silvestro-Lega-e1760101721199.avif\",\"articleSection\":[\"Magazine\"],\"inLanguage\":\"fr-FR\"},{\"@type\":\"WebPage\",\"@id\":\"https:\\\/\\\/egidimadeinitaly.com\\\/fr\\\/les-macchiaioli\\\/\",\"url\":\"https:\\\/\\\/egidimadeinitaly.com\\\/fr\\\/les-macchiaioli\\\/\",\"name\":\"Les Macchiaioli\u00a0 - Egidi MadeinItaly\",\"isPartOf\":{\"@id\":\"https:\\\/\\\/egidimadeinitaly.com\\\/fr\\\/#website\"},\"primaryImageOfPage\":{\"@id\":\"https:\\\/\\\/egidimadeinitaly.com\\\/fr\\\/les-macchiaioli\\\/#primaryimage\"},\"image\":{\"@id\":\"https:\\\/\\\/egidimadeinitaly.com\\\/fr\\\/les-macchiaioli\\\/#primaryimage\"},\"thumbnailUrl\":\"https:\\\/\\\/egidimadeinitaly.com\\\/v25\\\/wp-content\\\/uploads\\\/2025\\\/09\\\/Il-canto-di-uno-stornello-Silvestro-Lega-e1760101721199.avif\",\"datePublished\":\"2025-09-16T14:15:09+00:00\",\"dateModified\":\"2025-09-16T14:49:11+00:00\",\"author\":{\"@id\":\"https:\\\/\\\/egidimadeinitaly.com\\\/fr\\\/#\\\/schema\\\/person\\\/6723cc7bd1bded901c15c844a8ad09ac\"},\"description\":\"Les Macchiaioli mouvement italien de peinture deuxieme moiti\u00e9 du 19e si\u00e8cle Pionniers de la peinture en plein air et de l'\u00e9tude de la macchia\",\"breadcrumb\":{\"@id\":\"https:\\\/\\\/egidimadeinitaly.com\\\/fr\\\/les-macchiaioli\\\/#breadcrumb\"},\"inLanguage\":\"fr-FR\",\"potentialAction\":[{\"@type\":\"ReadAction\",\"target\":[\"https:\\\/\\\/egidimadeinitaly.com\\\/fr\\\/les-macchiaioli\\\/\"]}]},{\"@type\":\"ImageObject\",\"inLanguage\":\"fr-FR\",\"@id\":\"https:\\\/\\\/egidimadeinitaly.com\\\/fr\\\/les-macchiaioli\\\/#primaryimage\",\"url\":\"https:\\\/\\\/egidimadeinitaly.com\\\/v25\\\/wp-content\\\/uploads\\\/2025\\\/09\\\/Il-canto-di-uno-stornello-Silvestro-Lega-e1760101721199.avif\",\"contentUrl\":\"https:\\\/\\\/egidimadeinitaly.com\\\/v25\\\/wp-content\\\/uploads\\\/2025\\\/09\\\/Il-canto-di-uno-stornello-Silvestro-Lega-e1760101721199.avif\",\"width\":1563,\"height\":2480,\"caption\":\"Il canto di uno stornello Silvestro Lega\"},{\"@type\":\"BreadcrumbList\",\"@id\":\"https:\\\/\\\/egidimadeinitaly.com\\\/fr\\\/les-macchiaioli\\\/#breadcrumb\",\"itemListElement\":[{\"@type\":\"ListItem\",\"position\":1,\"name\":\"Home\",\"item\":\"https:\\\/\\\/egidimadeinitaly.com\\\/fr\\\/\"},{\"@type\":\"ListItem\",\"position\":2,\"name\":\"Magazine\",\"item\":\"https:\\\/\\\/egidimadeinitaly.com\\\/fr\\\/category\\\/magazine-fr\\\/\"},{\"@type\":\"ListItem\",\"position\":3,\"name\":\"Les Macchiaioli\u00a0\"}]},{\"@type\":\"WebSite\",\"@id\":\"https:\\\/\\\/egidimadeinitaly.com\\\/fr\\\/#website\",\"url\":\"https:\\\/\\\/egidimadeinitaly.com\\\/fr\\\/\",\"name\":\"Egidi MadeinItaly\",\"description\":\"Fine Art\",\"potentialAction\":[{\"@type\":\"SearchAction\",\"target\":{\"@type\":\"EntryPoint\",\"urlTemplate\":\"https:\\\/\\\/egidimadeinitaly.com\\\/fr\\\/?s={search_term_string}\"},\"query-input\":{\"@type\":\"PropertyValueSpecification\",\"valueRequired\":true,\"valueName\":\"search_term_string\"}}],\"inLanguage\":\"fr-FR\"},{\"@type\":\"Person\",\"@id\":\"https:\\\/\\\/egidimadeinitaly.com\\\/fr\\\/#\\\/schema\\\/person\\\/6723cc7bd1bded901c15c844a8ad09ac\",\"name\":\"Sabrina Egidi\",\"image\":{\"@type\":\"ImageObject\",\"inLanguage\":\"fr-FR\",\"@id\":\"https:\\\/\\\/secure.gravatar.com\\\/avatar\\\/a40fdbc55bf918bb816497bc3c90e4c5c27f15a4085cd750f2c78f47ae05c7d1?s=96&d=mm&r=g\",\"url\":\"https:\\\/\\\/secure.gravatar.com\\\/avatar\\\/a40fdbc55bf918bb816497bc3c90e4c5c27f15a4085cd750f2c78f47ae05c7d1?s=96&d=mm&r=g\",\"contentUrl\":\"https:\\\/\\\/secure.gravatar.com\\\/avatar\\\/a40fdbc55bf918bb816497bc3c90e4c5c27f15a4085cd750f2c78f47ae05c7d1?s=96&d=mm&r=g\",\"caption\":\"Sabrina Egidi\"}}]}<\/script>\n<!-- \/ Yoast SEO Premium plugin. -->","yoast_head_json":{"title":"Les Macchiaioli\u00a0 - Egidi MadeinItaly","description":"Les Macchiaioli mouvement italien de peinture deuxieme moiti\u00e9 du 19e si\u00e8cle Pionniers de la peinture en plein air et de l'\u00e9tude de la macchia","robots":{"index":"index","follow":"follow","max-snippet":"max-snippet:-1","max-image-preview":"max-image-preview:large","max-video-preview":"max-video-preview:-1"},"canonical":"https:\/\/egidimadeinitaly.com\/fr\/les-macchiaioli\/","og_locale":"fr_FR","og_type":"article","og_title":"Les Macchiaioli\u00a0","og_description":"Les Macchiaioli Le mouvement artistique Italien du XIXe Si\u00e8cle Le mouvement des Macchiaioli \u00e9mergea \u00e0 Florence vers 1855 en r\u00e9action aux normes","og_url":"https:\/\/egidimadeinitaly.com\/fr\/les-macchiaioli\/","og_site_name":"Egidi MadeinItaly","article_publisher":"https:\/\/www.facebook.com\/egidimadeinitaly\/","article_published_time":"2025-09-16T14:15:09+00:00","article_modified_time":"2025-09-16T14:49:11+00:00","author":"Sabrina Egidi","schema":{"@context":"https:\/\/schema.org","@graph":[{"@type":"Article","@id":"https:\/\/egidimadeinitaly.com\/fr\/les-macchiaioli\/#article","isPartOf":{"@id":"https:\/\/egidimadeinitaly.com\/fr\/les-macchiaioli\/"},"author":{"name":"Sabrina Egidi","@id":"https:\/\/egidimadeinitaly.com\/fr\/#\/schema\/person\/6723cc7bd1bded901c15c844a8ad09ac"},"headline":"Les Macchiaioli\u00a0","datePublished":"2025-09-16T14:15:09+00:00","dateModified":"2025-09-16T14:49:11+00:00","mainEntityOfPage":{"@id":"https:\/\/egidimadeinitaly.com\/fr\/les-macchiaioli\/"},"wordCount":346,"image":{"@id":"https:\/\/egidimadeinitaly.com\/fr\/les-macchiaioli\/#primaryimage"},"thumbnailUrl":"https:\/\/egidimadeinitaly.com\/v25\/wp-content\/uploads\/2025\/09\/Il-canto-di-uno-stornello-Silvestro-Lega-e1760101721199.avif","articleSection":["Magazine"],"inLanguage":"fr-FR"},{"@type":"WebPage","@id":"https:\/\/egidimadeinitaly.com\/fr\/les-macchiaioli\/","url":"https:\/\/egidimadeinitaly.com\/fr\/les-macchiaioli\/","name":"Les Macchiaioli\u00a0 - Egidi MadeinItaly","isPartOf":{"@id":"https:\/\/egidimadeinitaly.com\/fr\/#website"},"primaryImageOfPage":{"@id":"https:\/\/egidimadeinitaly.com\/fr\/les-macchiaioli\/#primaryimage"},"image":{"@id":"https:\/\/egidimadeinitaly.com\/fr\/les-macchiaioli\/#primaryimage"},"thumbnailUrl":"https:\/\/egidimadeinitaly.com\/v25\/wp-content\/uploads\/2025\/09\/Il-canto-di-uno-stornello-Silvestro-Lega-e1760101721199.avif","datePublished":"2025-09-16T14:15:09+00:00","dateModified":"2025-09-16T14:49:11+00:00","author":{"@id":"https:\/\/egidimadeinitaly.com\/fr\/#\/schema\/person\/6723cc7bd1bded901c15c844a8ad09ac"},"description":"Les Macchiaioli mouvement italien de peinture deuxieme moiti\u00e9 du 19e si\u00e8cle Pionniers de la peinture en plein air et de l'\u00e9tude de la macchia","breadcrumb":{"@id":"https:\/\/egidimadeinitaly.com\/fr\/les-macchiaioli\/#breadcrumb"},"inLanguage":"fr-FR","potentialAction":[{"@type":"ReadAction","target":["https:\/\/egidimadeinitaly.com\/fr\/les-macchiaioli\/"]}]},{"@type":"ImageObject","inLanguage":"fr-FR","@id":"https:\/\/egidimadeinitaly.com\/fr\/les-macchiaioli\/#primaryimage","url":"https:\/\/egidimadeinitaly.com\/v25\/wp-content\/uploads\/2025\/09\/Il-canto-di-uno-stornello-Silvestro-Lega-e1760101721199.avif","contentUrl":"https:\/\/egidimadeinitaly.com\/v25\/wp-content\/uploads\/2025\/09\/Il-canto-di-uno-stornello-Silvestro-Lega-e1760101721199.avif","width":1563,"height":2480,"caption":"Il canto di uno stornello Silvestro Lega"},{"@type":"BreadcrumbList","@id":"https:\/\/egidimadeinitaly.com\/fr\/les-macchiaioli\/#breadcrumb","itemListElement":[{"@type":"ListItem","position":1,"name":"Home","item":"https:\/\/egidimadeinitaly.com\/fr\/"},{"@type":"ListItem","position":2,"name":"Magazine","item":"https:\/\/egidimadeinitaly.com\/fr\/category\/magazine-fr\/"},{"@type":"ListItem","position":3,"name":"Les Macchiaioli\u00a0"}]},{"@type":"WebSite","@id":"https:\/\/egidimadeinitaly.com\/fr\/#website","url":"https:\/\/egidimadeinitaly.com\/fr\/","name":"Egidi MadeinItaly","description":"Fine Art","potentialAction":[{"@type":"SearchAction","target":{"@type":"EntryPoint","urlTemplate":"https:\/\/egidimadeinitaly.com\/fr\/?s={search_term_string}"},"query-input":{"@type":"PropertyValueSpecification","valueRequired":true,"valueName":"search_term_string"}}],"inLanguage":"fr-FR"},{"@type":"Person","@id":"https:\/\/egidimadeinitaly.com\/fr\/#\/schema\/person\/6723cc7bd1bded901c15c844a8ad09ac","name":"Sabrina Egidi","image":{"@type":"ImageObject","inLanguage":"fr-FR","@id":"https:\/\/secure.gravatar.com\/avatar\/a40fdbc55bf918bb816497bc3c90e4c5c27f15a4085cd750f2c78f47ae05c7d1?s=96&d=mm&r=g","url":"https:\/\/secure.gravatar.com\/avatar\/a40fdbc55bf918bb816497bc3c90e4c5c27f15a4085cd750f2c78f47ae05c7d1?s=96&d=mm&r=g","contentUrl":"https:\/\/secure.gravatar.com\/avatar\/a40fdbc55bf918bb816497bc3c90e4c5c27f15a4085cd750f2c78f47ae05c7d1?s=96&d=mm&r=g","caption":"Sabrina Egidi"}}]}},"_links":{"self":[{"href":"https:\/\/egidimadeinitaly.com\/fr\/wp-json\/wp\/v2\/posts\/125175","targetHints":{"allow":["GET"]}}],"collection":[{"href":"https:\/\/egidimadeinitaly.com\/fr\/wp-json\/wp\/v2\/posts"}],"about":[{"href":"https:\/\/egidimadeinitaly.com\/fr\/wp-json\/wp\/v2\/types\/post"}],"author":[{"embeddable":true,"href":"https:\/\/egidimadeinitaly.com\/fr\/wp-json\/wp\/v2\/users\/9"}],"replies":[{"embeddable":true,"href":"https:\/\/egidimadeinitaly.com\/fr\/wp-json\/wp\/v2\/comments?post=125175"}],"version-history":[{"count":4,"href":"https:\/\/egidimadeinitaly.com\/fr\/wp-json\/wp\/v2\/posts\/125175\/revisions"}],"predecessor-version":[{"id":125206,"href":"https:\/\/egidimadeinitaly.com\/fr\/wp-json\/wp\/v2\/posts\/125175\/revisions\/125206"}],"wp:featuredmedia":[{"embeddable":true,"href":"https:\/\/egidimadeinitaly.com\/fr\/wp-json\/wp\/v2\/media\/125196"}],"wp:attachment":[{"href":"https:\/\/egidimadeinitaly.com\/fr\/wp-json\/wp\/v2\/media?parent=125175"}],"wp:term":[{"taxonomy":"category","embeddable":true,"href":"https:\/\/egidimadeinitaly.com\/fr\/wp-json\/wp\/v2\/categories?post=125175"},{"taxonomy":"post_tag","embeddable":true,"href":"https:\/\/egidimadeinitaly.com\/fr\/wp-json\/wp\/v2\/tags?post=125175"}],"curies":[{"name":"wp","href":"https:\/\/api.w.org\/{rel}","templated":true}]}}