{"id":124625,"date":"2025-08-05T20:33:41","date_gmt":"2025-08-05T19:33:41","guid":{"rendered":"https:\/\/egidimadeinitaly.com\/?p=124625"},"modified":"2025-08-05T21:31:29","modified_gmt":"2025-08-05T20:31:29","slug":"metaphysique-et-les-italiens-de-paris","status":"publish","type":"post","link":"https:\/\/egidimadeinitaly.com\/fr\/metaphysique-et-les-italiens-de-paris\/","title":{"rendered":"M\u00e9taphysique et Les Italiens de Paris"},"content":{"rendered":"<h2><strong>M\u00e9taphysique et Les Italiens de Paris : L&rsquo;art italien du d\u00e9but du XXe si\u00e8cle<\/strong><\/h2>\n<h3>Introduction \u00e0 la M\u00e9taphysique et aux artistes italiens \u00e0 Paris<\/h3>\n<p>La m\u00e9taphysique s\u2019affirme comme l\u2019un des mouvements artistiques les plus innovants du d\u00e9but du XXe si\u00e8cle, avec des racines profondes en Italie.<\/p>\n<p>Pendant la Premi\u00e8re Guerre mondiale, des artistes comme <em>Giorgio de Chirico<\/em>, <em>Savinio<\/em> (Alberto de Chirico), <em>Carlo Carr\u00e0<\/em> et <em>Filippo de Pisis<\/em> se rencontrent \u00e0 Ferrare, connue comme la \u00ab Ville aux 100 merveilles \u00bb.<\/p>\n<p>Cette p\u00e9riode marque le d\u00e9but d\u2019une nouvelle fa\u00e7on d\u2019interpr\u00e9ter la r\u00e9alit\u00e9 \u00e0 travers l\u2019art m\u00e9taphysique.<\/p>\n<h2><strong>La naissance de la peinture m\u00e9taphysique de Giorgio de Chirico<\/strong><\/h2>\n<h3>Influences de Munich et Turin<\/h3>\n<p>La formation de Giorgio de Chirico se d\u00e9veloppe entre son s\u00e9jour \u00e0 Munich (1909-1911) et une courte exp\u00e9rience \u00e0 Turin en 1911.<\/p>\n<p>Ces deux exp\u00e9riences sont fondamentales pour la naissance de sa peinture m\u00e9taphysique, caract\u00e9ris\u00e9e par une perception visionnaire de la r\u00e9alit\u00e9 et une relation \u00e9trange entre lieux et objets.<\/p>\n<h3>Caract\u00e9ristiques de la peinture m\u00e9taphysique<\/h3>\n<p>Les \u0153uvres de De Chirico se distinguent par l&rsquo;utilisation d&rsquo;images classiques telles que des bustes et des moulages de statues antiques, qui cohabitent avec des objets de la vie moderne. Les paysages urbains sont suspendus dans une dimension d\u00e9pourvue de localisation temporelle et spatiale certaine, domin\u00e9s par des constructions perspectiviques et peupl\u00e9s de mannequins sans visage ni identit\u00e9.<\/p>\n<h2>Artistes italiens \u00e0 Paris et le groupe Les Italiens de Paris<\/h2>\n<p>De Chirico, Savinio et de Pisis passent de nombreuses ann\u00e9es \u00e0 Paris, aux c\u00f4t\u00e9s d&rsquo;autres protagonistes de l&rsquo;art italien du d\u00e9but du XXe si\u00e8cle comme Massimo Campigli, Gino Severini et Mario Tozzi.<\/p>\n<p>La capitale fran\u00e7aise devient un centre important d&rsquo;\u00e9change artistique et culturel.<\/p>\n<blockquote>\n<h2><span style=\"color: #ff6600;\">Egidi MadeinItaly galerie d&rsquo;art<\/span><\/h2>\n<\/blockquote>\n<p><a href=\"https:\/\/egidimadeinitaly.com\/fr\/negozio\/art-moderne\/tableaux-modernes-fr\/mario-tozzi-oeuvre-certifiee\/\">Une \u0153uvre de Mario Tozzi\u00a0<\/a> est en vente dans la section art moderne de notre boutique en ligne.<\/p>\n<h3>Les expositions et la reconnaissance internationale<\/h3>\n<p>Entre 1928 et 1933, d&rsquo;importantes expositions ont lieu \u00e0 Paris, lors desquelles le groupe est pr\u00e9sent\u00e9 sous le nom de Les Italiens de Paris. Ce terme a \u00e9t\u00e9 invent\u00e9 par le critique Waldemar George, partisan du \u00ab retour \u00e0 l&rsquo;ordre \u00bb et admirateur de l&rsquo;art italien.<\/p>\n<h2>L&rsquo;h\u00e9ritage de la m\u00e9taphysique italienne \u00e0 Paris<\/h2>\n<p>La figure de Giorgio de Chirico et le mouvement m\u00e9taphysique ont eu un impact durable sur l&rsquo;art moderne, gr\u00e2ce aussi \u00e0 leur pr\u00e9sence et \u00e0 leurs expositions \u00e0 Paris. Leur influence se refl\u00e8te encore aujourd&rsquo;hui dans le panorama artistique international<\/p>\n","protected":false},"excerpt":{"rendered":"<p>M\u00e9taphysique et Les Italiens de Paris : L&rsquo;art italien du d\u00e9but du XXe si\u00e8cle Introduction \u00e0 la M\u00e9taphysique et aux [&hellip;]<\/p>\n","protected":false},"author":9,"featured_media":122865,"comment_status":"closed","ping_status":"closed","sticky":false,"template":"","format":"standard","meta":{"_acf_changed":false,"footnotes":""},"categories":[1449],"tags":[],"class_list":["post-124625","post","type-post","status-publish","format-standard","has-post-thumbnail","hentry","category-magazine-fr"],"acf":[],"yoast_head":"<!-- This site is optimized with the Yoast SEO Premium plugin v27.4 (Yoast SEO v27.5) - https:\/\/yoast.com\/product\/yoast-seo-premium-wordpress\/ -->\n<title>M\u00e9taphysique et Les Italiens de Paris - Egidi MadeinItaly<\/title>\n<meta name=\"description\" content=\"La m\u00e9taphysique italienne et les artistes italiens \u00e0 Paris : De Chirico, Savinio et l&#039;influence du d\u00e9but du XX^e si\u00e8cle sur Egidi MadeinItaly\" \/>\n<meta name=\"robots\" content=\"index, follow, max-snippet:-1, max-image-preview:large, max-video-preview:-1\" \/>\n<link rel=\"canonical\" href=\"https:\/\/egidimadeinitaly.com\/fr\/metaphysique-et-les-italiens-de-paris\/\" \/>\n<meta property=\"og:locale\" content=\"fr_FR\" \/>\n<meta property=\"og:type\" content=\"article\" \/>\n<meta property=\"og:title\" content=\"M\u00e9taphysique et Les Italiens de Paris\" \/>\n<meta property=\"og:description\" content=\"M\u00e9taphysique et Les Italiens de Paris : L&#039;art italien du d\u00e9but du XXe si\u00e8cle Introduction \u00e0 la M\u00e9taphysique et aux artistes italiens \u00e0 Paris La\" \/>\n<meta property=\"og:url\" content=\"https:\/\/egidimadeinitaly.com\/fr\/metaphysique-et-les-italiens-de-paris\/\" \/>\n<meta property=\"og:site_name\" content=\"Egidi MadeinItaly\" \/>\n<meta property=\"article:publisher\" content=\"https:\/\/www.facebook.com\/egidimadeinitaly\/\" \/>\n<meta property=\"article:published_time\" content=\"2025-08-05T19:33:41+00:00\" \/>\n<meta property=\"article:modified_time\" content=\"2025-08-05T20:31:29+00:00\" \/>\n<meta property=\"og:image\" content=\"https:\/\/egidimadeinitaly.com\/v25\/wp-content\/uploads\/2025\/03\/De-Pisis-Natura-Morta-con-quadro-di-de-Chirico-scaled-e1743000686891.jpg\" \/>\n\t<meta property=\"og:image:width\" content=\"2560\" \/>\n\t<meta property=\"og:image:height\" content=\"2419\" \/>\n\t<meta property=\"og:image:type\" content=\"image\/jpeg\" \/>\n<meta name=\"author\" content=\"Sabrina Egidi\" \/>\n<script type=\"application\/ld+json\" class=\"yoast-schema-graph\">{\"@context\":\"https:\\\/\\\/schema.org\",\"@graph\":[{\"@type\":\"Article\",\"@id\":\"https:\\\/\\\/egidimadeinitaly.com\\\/fr\\\/metaphysique-et-les-italiens-de-paris\\\/#article\",\"isPartOf\":{\"@id\":\"https:\\\/\\\/egidimadeinitaly.com\\\/fr\\\/metaphysique-et-les-italiens-de-paris\\\/\"},\"author\":{\"name\":\"Sabrina Egidi\",\"@id\":\"https:\\\/\\\/egidimadeinitaly.com\\\/fr\\\/#\\\/schema\\\/person\\\/6723cc7bd1bded901c15c844a8ad09ac\"},\"headline\":\"M\u00e9taphysique et Les Italiens de Paris\",\"datePublished\":\"2025-08-05T19:33:41+00:00\",\"dateModified\":\"2025-08-05T20:31:29+00:00\",\"mainEntityOfPage\":{\"@id\":\"https:\\\/\\\/egidimadeinitaly.com\\\/fr\\\/metaphysique-et-les-italiens-de-paris\\\/\"},\"wordCount\":441,\"image\":{\"@id\":\"https:\\\/\\\/egidimadeinitaly.com\\\/fr\\\/metaphysique-et-les-italiens-de-paris\\\/#primaryimage\"},\"thumbnailUrl\":\"https:\\\/\\\/egidimadeinitaly.com\\\/v25\\\/wp-content\\\/uploads\\\/2025\\\/03\\\/De-Pisis-Natura-Morta-con-quadro-di-de-Chirico-scaled-e1743000686891.jpg\",\"articleSection\":[\"Magazine\"],\"inLanguage\":\"fr-FR\"},{\"@type\":\"WebPage\",\"@id\":\"https:\\\/\\\/egidimadeinitaly.com\\\/fr\\\/metaphysique-et-les-italiens-de-paris\\\/\",\"url\":\"https:\\\/\\\/egidimadeinitaly.com\\\/fr\\\/metaphysique-et-les-italiens-de-paris\\\/\",\"name\":\"M\u00e9taphysique et Les Italiens de Paris - Egidi MadeinItaly\",\"isPartOf\":{\"@id\":\"https:\\\/\\\/egidimadeinitaly.com\\\/fr\\\/#website\"},\"primaryImageOfPage\":{\"@id\":\"https:\\\/\\\/egidimadeinitaly.com\\\/fr\\\/metaphysique-et-les-italiens-de-paris\\\/#primaryimage\"},\"image\":{\"@id\":\"https:\\\/\\\/egidimadeinitaly.com\\\/fr\\\/metaphysique-et-les-italiens-de-paris\\\/#primaryimage\"},\"thumbnailUrl\":\"https:\\\/\\\/egidimadeinitaly.com\\\/v25\\\/wp-content\\\/uploads\\\/2025\\\/03\\\/De-Pisis-Natura-Morta-con-quadro-di-de-Chirico-scaled-e1743000686891.jpg\",\"datePublished\":\"2025-08-05T19:33:41+00:00\",\"dateModified\":\"2025-08-05T20:31:29+00:00\",\"author\":{\"@id\":\"https:\\\/\\\/egidimadeinitaly.com\\\/fr\\\/#\\\/schema\\\/person\\\/6723cc7bd1bded901c15c844a8ad09ac\"},\"description\":\"La m\u00e9taphysique italienne et les artistes italiens \u00e0 Paris : De Chirico, Savinio et l'influence du d\u00e9but du XX^e si\u00e8cle sur Egidi MadeinItaly\",\"breadcrumb\":{\"@id\":\"https:\\\/\\\/egidimadeinitaly.com\\\/fr\\\/metaphysique-et-les-italiens-de-paris\\\/#breadcrumb\"},\"inLanguage\":\"fr-FR\",\"potentialAction\":[{\"@type\":\"ReadAction\",\"target\":[\"https:\\\/\\\/egidimadeinitaly.com\\\/fr\\\/metaphysique-et-les-italiens-de-paris\\\/\"]}]},{\"@type\":\"ImageObject\",\"inLanguage\":\"fr-FR\",\"@id\":\"https:\\\/\\\/egidimadeinitaly.com\\\/fr\\\/metaphysique-et-les-italiens-de-paris\\\/#primaryimage\",\"url\":\"https:\\\/\\\/egidimadeinitaly.com\\\/v25\\\/wp-content\\\/uploads\\\/2025\\\/03\\\/De-Pisis-Natura-Morta-con-quadro-di-de-Chirico-scaled-e1743000686891.jpg\",\"contentUrl\":\"https:\\\/\\\/egidimadeinitaly.com\\\/v25\\\/wp-content\\\/uploads\\\/2025\\\/03\\\/De-Pisis-Natura-Morta-con-quadro-di-de-Chirico-scaled-e1743000686891.jpg\",\"width\":2560,\"height\":2419,\"caption\":\"Natura Morta con quadro di de Chirico\"},{\"@type\":\"BreadcrumbList\",\"@id\":\"https:\\\/\\\/egidimadeinitaly.com\\\/fr\\\/metaphysique-et-les-italiens-de-paris\\\/#breadcrumb\",\"itemListElement\":[{\"@type\":\"ListItem\",\"position\":1,\"name\":\"Home\",\"item\":\"https:\\\/\\\/egidimadeinitaly.com\\\/fr\\\/\"},{\"@type\":\"ListItem\",\"position\":2,\"name\":\"Magazine\",\"item\":\"https:\\\/\\\/egidimadeinitaly.com\\\/fr\\\/category\\\/magazine-fr\\\/\"},{\"@type\":\"ListItem\",\"position\":3,\"name\":\"M\u00e9taphysique et Les Italiens de Paris\"}]},{\"@type\":\"WebSite\",\"@id\":\"https:\\\/\\\/egidimadeinitaly.com\\\/fr\\\/#website\",\"url\":\"https:\\\/\\\/egidimadeinitaly.com\\\/fr\\\/\",\"name\":\"Egidi MadeinItaly\",\"description\":\"Fine Art\",\"potentialAction\":[{\"@type\":\"SearchAction\",\"target\":{\"@type\":\"EntryPoint\",\"urlTemplate\":\"https:\\\/\\\/egidimadeinitaly.com\\\/fr\\\/?s={search_term_string}\"},\"query-input\":{\"@type\":\"PropertyValueSpecification\",\"valueRequired\":true,\"valueName\":\"search_term_string\"}}],\"inLanguage\":\"fr-FR\"},{\"@type\":\"Person\",\"@id\":\"https:\\\/\\\/egidimadeinitaly.com\\\/fr\\\/#\\\/schema\\\/person\\\/6723cc7bd1bded901c15c844a8ad09ac\",\"name\":\"Sabrina Egidi\",\"image\":{\"@type\":\"ImageObject\",\"inLanguage\":\"fr-FR\",\"@id\":\"https:\\\/\\\/secure.gravatar.com\\\/avatar\\\/a40fdbc55bf918bb816497bc3c90e4c5c27f15a4085cd750f2c78f47ae05c7d1?s=96&d=mm&r=g\",\"url\":\"https:\\\/\\\/secure.gravatar.com\\\/avatar\\\/a40fdbc55bf918bb816497bc3c90e4c5c27f15a4085cd750f2c78f47ae05c7d1?s=96&d=mm&r=g\",\"contentUrl\":\"https:\\\/\\\/secure.gravatar.com\\\/avatar\\\/a40fdbc55bf918bb816497bc3c90e4c5c27f15a4085cd750f2c78f47ae05c7d1?s=96&d=mm&r=g\",\"caption\":\"Sabrina Egidi\"}}]}<\/script>\n<!-- \/ Yoast SEO Premium plugin. -->","yoast_head_json":{"title":"M\u00e9taphysique et Les Italiens de Paris - Egidi MadeinItaly","description":"La m\u00e9taphysique italienne et les artistes italiens \u00e0 Paris : De Chirico, Savinio et l'influence du d\u00e9but du XX^e si\u00e8cle sur Egidi MadeinItaly","robots":{"index":"index","follow":"follow","max-snippet":"max-snippet:-1","max-image-preview":"max-image-preview:large","max-video-preview":"max-video-preview:-1"},"canonical":"https:\/\/egidimadeinitaly.com\/fr\/metaphysique-et-les-italiens-de-paris\/","og_locale":"fr_FR","og_type":"article","og_title":"M\u00e9taphysique et Les Italiens de Paris","og_description":"M\u00e9taphysique et Les Italiens de Paris : L'art italien du d\u00e9but du XXe si\u00e8cle Introduction \u00e0 la M\u00e9taphysique et aux artistes italiens \u00e0 Paris La","og_url":"https:\/\/egidimadeinitaly.com\/fr\/metaphysique-et-les-italiens-de-paris\/","og_site_name":"Egidi MadeinItaly","article_publisher":"https:\/\/www.facebook.com\/egidimadeinitaly\/","article_published_time":"2025-08-05T19:33:41+00:00","article_modified_time":"2025-08-05T20:31:29+00:00","og_image":[{"width":2560,"height":2419,"url":"https:\/\/egidimadeinitaly.com\/v25\/wp-content\/uploads\/2025\/03\/De-Pisis-Natura-Morta-con-quadro-di-de-Chirico-scaled-e1743000686891.jpg","type":"image\/jpeg"}],"author":"Sabrina Egidi","schema":{"@context":"https:\/\/schema.org","@graph":[{"@type":"Article","@id":"https:\/\/egidimadeinitaly.com\/fr\/metaphysique-et-les-italiens-de-paris\/#article","isPartOf":{"@id":"https:\/\/egidimadeinitaly.com\/fr\/metaphysique-et-les-italiens-de-paris\/"},"author":{"name":"Sabrina Egidi","@id":"https:\/\/egidimadeinitaly.com\/fr\/#\/schema\/person\/6723cc7bd1bded901c15c844a8ad09ac"},"headline":"M\u00e9taphysique et Les Italiens de Paris","datePublished":"2025-08-05T19:33:41+00:00","dateModified":"2025-08-05T20:31:29+00:00","mainEntityOfPage":{"@id":"https:\/\/egidimadeinitaly.com\/fr\/metaphysique-et-les-italiens-de-paris\/"},"wordCount":441,"image":{"@id":"https:\/\/egidimadeinitaly.com\/fr\/metaphysique-et-les-italiens-de-paris\/#primaryimage"},"thumbnailUrl":"https:\/\/egidimadeinitaly.com\/v25\/wp-content\/uploads\/2025\/03\/De-Pisis-Natura-Morta-con-quadro-di-de-Chirico-scaled-e1743000686891.jpg","articleSection":["Magazine"],"inLanguage":"fr-FR"},{"@type":"WebPage","@id":"https:\/\/egidimadeinitaly.com\/fr\/metaphysique-et-les-italiens-de-paris\/","url":"https:\/\/egidimadeinitaly.com\/fr\/metaphysique-et-les-italiens-de-paris\/","name":"M\u00e9taphysique et Les Italiens de Paris - Egidi MadeinItaly","isPartOf":{"@id":"https:\/\/egidimadeinitaly.com\/fr\/#website"},"primaryImageOfPage":{"@id":"https:\/\/egidimadeinitaly.com\/fr\/metaphysique-et-les-italiens-de-paris\/#primaryimage"},"image":{"@id":"https:\/\/egidimadeinitaly.com\/fr\/metaphysique-et-les-italiens-de-paris\/#primaryimage"},"thumbnailUrl":"https:\/\/egidimadeinitaly.com\/v25\/wp-content\/uploads\/2025\/03\/De-Pisis-Natura-Morta-con-quadro-di-de-Chirico-scaled-e1743000686891.jpg","datePublished":"2025-08-05T19:33:41+00:00","dateModified":"2025-08-05T20:31:29+00:00","author":{"@id":"https:\/\/egidimadeinitaly.com\/fr\/#\/schema\/person\/6723cc7bd1bded901c15c844a8ad09ac"},"description":"La m\u00e9taphysique italienne et les artistes italiens \u00e0 Paris : De Chirico, Savinio et l'influence du d\u00e9but du XX^e si\u00e8cle sur Egidi MadeinItaly","breadcrumb":{"@id":"https:\/\/egidimadeinitaly.com\/fr\/metaphysique-et-les-italiens-de-paris\/#breadcrumb"},"inLanguage":"fr-FR","potentialAction":[{"@type":"ReadAction","target":["https:\/\/egidimadeinitaly.com\/fr\/metaphysique-et-les-italiens-de-paris\/"]}]},{"@type":"ImageObject","inLanguage":"fr-FR","@id":"https:\/\/egidimadeinitaly.com\/fr\/metaphysique-et-les-italiens-de-paris\/#primaryimage","url":"https:\/\/egidimadeinitaly.com\/v25\/wp-content\/uploads\/2025\/03\/De-Pisis-Natura-Morta-con-quadro-di-de-Chirico-scaled-e1743000686891.jpg","contentUrl":"https:\/\/egidimadeinitaly.com\/v25\/wp-content\/uploads\/2025\/03\/De-Pisis-Natura-Morta-con-quadro-di-de-Chirico-scaled-e1743000686891.jpg","width":2560,"height":2419,"caption":"Natura Morta con quadro di de Chirico"},{"@type":"BreadcrumbList","@id":"https:\/\/egidimadeinitaly.com\/fr\/metaphysique-et-les-italiens-de-paris\/#breadcrumb","itemListElement":[{"@type":"ListItem","position":1,"name":"Home","item":"https:\/\/egidimadeinitaly.com\/fr\/"},{"@type":"ListItem","position":2,"name":"Magazine","item":"https:\/\/egidimadeinitaly.com\/fr\/category\/magazine-fr\/"},{"@type":"ListItem","position":3,"name":"M\u00e9taphysique et Les Italiens de Paris"}]},{"@type":"WebSite","@id":"https:\/\/egidimadeinitaly.com\/fr\/#website","url":"https:\/\/egidimadeinitaly.com\/fr\/","name":"Egidi MadeinItaly","description":"Fine Art","potentialAction":[{"@type":"SearchAction","target":{"@type":"EntryPoint","urlTemplate":"https:\/\/egidimadeinitaly.com\/fr\/?s={search_term_string}"},"query-input":{"@type":"PropertyValueSpecification","valueRequired":true,"valueName":"search_term_string"}}],"inLanguage":"fr-FR"},{"@type":"Person","@id":"https:\/\/egidimadeinitaly.com\/fr\/#\/schema\/person\/6723cc7bd1bded901c15c844a8ad09ac","name":"Sabrina Egidi","image":{"@type":"ImageObject","inLanguage":"fr-FR","@id":"https:\/\/secure.gravatar.com\/avatar\/a40fdbc55bf918bb816497bc3c90e4c5c27f15a4085cd750f2c78f47ae05c7d1?s=96&d=mm&r=g","url":"https:\/\/secure.gravatar.com\/avatar\/a40fdbc55bf918bb816497bc3c90e4c5c27f15a4085cd750f2c78f47ae05c7d1?s=96&d=mm&r=g","contentUrl":"https:\/\/secure.gravatar.com\/avatar\/a40fdbc55bf918bb816497bc3c90e4c5c27f15a4085cd750f2c78f47ae05c7d1?s=96&d=mm&r=g","caption":"Sabrina Egidi"}}]}},"_links":{"self":[{"href":"https:\/\/egidimadeinitaly.com\/fr\/wp-json\/wp\/v2\/posts\/124625","targetHints":{"allow":["GET"]}}],"collection":[{"href":"https:\/\/egidimadeinitaly.com\/fr\/wp-json\/wp\/v2\/posts"}],"about":[{"href":"https:\/\/egidimadeinitaly.com\/fr\/wp-json\/wp\/v2\/types\/post"}],"author":[{"embeddable":true,"href":"https:\/\/egidimadeinitaly.com\/fr\/wp-json\/wp\/v2\/users\/9"}],"replies":[{"embeddable":true,"href":"https:\/\/egidimadeinitaly.com\/fr\/wp-json\/wp\/v2\/comments?post=124625"}],"version-history":[{"count":5,"href":"https:\/\/egidimadeinitaly.com\/fr\/wp-json\/wp\/v2\/posts\/124625\/revisions"}],"predecessor-version":[{"id":124632,"href":"https:\/\/egidimadeinitaly.com\/fr\/wp-json\/wp\/v2\/posts\/124625\/revisions\/124632"}],"wp:featuredmedia":[{"embeddable":true,"href":"https:\/\/egidimadeinitaly.com\/fr\/wp-json\/wp\/v2\/media\/122865"}],"wp:attachment":[{"href":"https:\/\/egidimadeinitaly.com\/fr\/wp-json\/wp\/v2\/media?parent=124625"}],"wp:term":[{"taxonomy":"category","embeddable":true,"href":"https:\/\/egidimadeinitaly.com\/fr\/wp-json\/wp\/v2\/categories?post=124625"},{"taxonomy":"post_tag","embeddable":true,"href":"https:\/\/egidimadeinitaly.com\/fr\/wp-json\/wp\/v2\/tags?post=124625"}],"curies":[{"name":"wp","href":"https:\/\/api.w.org\/{rel}","templated":true}]}}