{"id":123988,"date":"2025-05-10T15:20:46","date_gmt":"2025-05-10T14:20:46","guid":{"rendered":"https:\/\/egidimadeinitaly.com\/scuola-di-resina-2\/"},"modified":"2025-06-08T15:49:30","modified_gmt":"2025-06-08T14:49:30","slug":"scuola-di-resina","status":"publish","type":"post","link":"https:\/\/egidimadeinitaly.com\/fr\/scuola-di-resina\/","title":{"rendered":"Scuola di Res\u00ecna"},"content":{"rendered":"<h1><strong>Scuola di Res\u00ecna\u00a0<\/strong><\/h1>\n<p><span style=\"font-weight: 400;\">Nella seconda met\u00e0 dell&rsquo;Ottocento, la vena sperimentale della Scuola di Posillipo trova un nuovo slancio nella cosiddetta <strong>Scuola di Res\u00ecna.<\/strong><\/span><\/p>\n<p><b>La Scuola di Res\u00ecna<\/b><span style=\"font-weight: 400;\"> \u00e8 una corrente artistica italiana sviluppatasi sul tema del Verismo, <strong>a<\/strong><\/span><b>ffine alla corrente dei Macchiaioli.<\/b><\/p>\n<p><span style=\"font-weight: 400;\">Questa corrente pittorica rappresenta l\u2019altra importante esperienza figurativa dedicata al paesaggismo napoletano dell\u2019Ottocento, dopo la conclusione della prima stagione romantica della Scuola di Posillipo.\u00a0<\/span><\/p>\n<h2><strong>I fondatori della Scuola di Res\u00ecna<\/strong><\/h2>\n<p><span style=\"font-weight: 400;\">I suoi fondatori furono Giuseppe de Nittis, Adriano Cecioni e Marco De Gregorio.<\/span><\/p>\n<h3><span style=\"color: #800000;\"><b>Giuseppe De Nittis<\/b><\/span><\/h3>\n<p><b>\u00a0Giuseppe de Nittis <\/b><span style=\"font-weight: 400;\">( Barletta,1846-Saint-Germain-en-Lay,1884) <\/span><span style=\"font-weight: 400;\">studio&rsquo; all&rsquo;Accademia di Belle Arti di Napoli sotto la guida di Mancinelli e Smargiassi.<\/span><\/p>\n<p><span style=\"font-weight: 400;\">\u00a0Di indole indipendente e insofferente verso qualunque tipo di schema, si mostr\u00f2 disinteressato alle nozioni ed esercitazioni accademiche, tanto che fu espulso per indisciplina due anni pi\u00f9 tardi.\u00a0<\/span><\/p>\n<p><span style=\"font-weight: 400;\">Assieme ad altri pittori, fra cui <strong>Federico Rossano<\/strong> e <strong>Marco De Gregorio<\/strong>, si diede alla composizione all&rsquo;aria aperta (dipingevano generalmente a Portici), specializzandosi nella riproduzione di paesaggi porticesi, partenopei e barlettani.<\/span><\/p>\n<p><span style=\"font-weight: 400;\">\u00a0 <\/span><b>La nascita della scuola di Res\u00ecna<\/b><\/p>\n<p><span style=\"font-weight: 400;\">Nel 1864 fu notato da Adriano Cecioni e l&rsquo;anno successivo fond\u00f2 la Scuola di Res\u00ecna, corrente italiana sul tema del realismo.\u00a0<\/span><\/p>\n<figure id=\"attachment_123321\" aria-describedby=\"caption-attachment-123321\" style=\"width: 223px\" class=\"wp-caption alignnone\"><img decoding=\"async\" class=\"size-medium wp-image-123321\" src=\"https:\/\/egidimadeinitaly.com\/v25\/wp-content\/uploads\/2025\/04\/De-Nittis-Signora-in-spiaggia-223x300.jpg\" alt=\"Scuola di Res\u00ecna su Egidi MadeinItaly\" width=\"223\" height=\"300\" \/><figcaption id=\"caption-attachment-123321\" class=\"wp-caption-text\">De Nittis Signora in spiaggia<\/figcaption><\/figure>\n<h3><span style=\"color: #800000;\"><b>Adriano Cecioni<\/b><\/span><\/h3>\n<p><b>Adriano Cecioni <\/b><span style=\"font-weight: 400;\">(Fontebuona 1836 &#8211; Firenze 1886) <\/span><span style=\"font-weight: 400;\">\u00a0Pittore, scultore e critico d&rsquo;arte italiano. <\/span><\/p>\n<p><span style=\"font-weight: 400;\">E&rsquo; riconosciuto come uno dei <strong>maggiori esponenti della scultura italiana dell&rsquo;Ottocento<\/strong>. Strenuo sostenitore della corrente realista.<\/span><\/p>\n<p><span style=\"font-weight: 400;\">Dopo gli studi compiuti presso l&rsquo;Accademia di Belle Arti di Firenze, con il maestro Aristodemo Costoli, nel 1859, come altri artisti della sua generazione, partecip\u00f2 alla seconda guerra d&rsquo;Indipendenza.<\/span><\/p>\n<p><span style=\"font-weight: 400;\">Al suo ritorno prese a frequentare il <strong>Caff\u00e8 Michelangelo, ritrovo fiorentino delle avanguardie artistiche<\/strong>, avvicinandosi al movimento dei Macchiaioli.<\/span><\/p>\n<p><span style=\"font-weight: 400;\">Grazie ad una borsa di studio, dal 1863 al 1867 si trasfer\u00ec a Napoli, dove diede vita con Giuseppe De Nittis, Federico Rossano e Marco De Gregorio alla cosiddetta \u00ab\u00a0Scuola di Res\u00ecna\u00a0\u00bb.<\/span><\/p>\n<figure id=\"attachment_123511\" aria-describedby=\"caption-attachment-123511\" style=\"width: 300px\" class=\"wp-caption alignnone\"><img decoding=\"async\" class=\"size-medium wp-image-123511\" src=\"https:\/\/egidimadeinitaly.com\/v25\/wp-content\/uploads\/2025\/05\/Adriano-Cecioni-Interno-con-figura-300x241.jpg\" alt=\"Adriano Cecioni su Egidi MadeinItaly\" width=\"300\" height=\"241\" srcset=\"https:\/\/egidimadeinitaly.com\/v25\/wp-content\/uploads\/2025\/05\/Adriano-Cecioni-Interno-con-figura-300x241.jpg 300w, https:\/\/egidimadeinitaly.com\/v25\/wp-content\/uploads\/2025\/05\/Adriano-Cecioni-Interno-con-figura-768x618.jpg 768w, https:\/\/egidimadeinitaly.com\/v25\/wp-content\/uploads\/2025\/05\/Adriano-Cecioni-Interno-con-figura-350x282.jpg 350w, https:\/\/egidimadeinitaly.com\/v25\/wp-content\/uploads\/2025\/05\/Adriano-Cecioni-Interno-con-figura-600x483.jpg 600w, https:\/\/egidimadeinitaly.com\/v25\/wp-content\/uploads\/2025\/05\/Adriano-Cecioni-Interno-con-figura.jpg 886w\" sizes=\"(max-width: 300px) 100vw, 300px\" \/><figcaption id=\"caption-attachment-123511\" class=\"wp-caption-text\">Interno con figura<\/figcaption><\/figure>\n<p><b style=\"color: #800000;\">Marco De Gregorio<\/b><\/p>\n<p><b>Marco De Gregorio<\/b><span style=\"font-weight: 400;\"> (Res\u00ecna, 1829-1876) <\/span><span style=\"font-weight: 400;\">Pittore nato a Res\u00ecna (l\u2019odierna Ercolano), frequent\u00f2 la Scuola di Belle Arti di Napoli. <\/span><\/p>\n<p><span style=\"font-weight: 400;\">Nel 1863, insieme a Federico Rossano, Giuseppe De Nittis e Adriano Cecioni, diede vita al movimento artistico detto Scuola di Res\u00ecna\u00a0<\/span><\/p>\n<p>&nbsp;<\/p>\n<h2><b>I luoghi della Scuola di Res\u00ecna <\/b><b>\u00a0<\/b><\/h2>\n<p><span style=\"font-weight: 400;\">\u00a0Il gruppo di pittori indipendenti si costituisce nel 1863 nella Reggia di Portici intorno allo studio del pittore Marco De Gregorio e presso l\u2019antico <strong>caff\u00e8 Simonetti<\/strong>.<\/span><\/p>\n<p><span style=\"font-weight: 400;\">\u00a0Si scioglier\u00e0 nel 1867 alla partenza di Giuseppe De Nittis per Parigi.<\/span><\/p>\n<p><span style=\"font-weight: 400;\">Il gruppo si distingueva per la predilezione alla pittura di paesaggio all&rsquo;aria aperta, genere nel quale fu attuata un\u2019interessante sperimentazione stilistica e tecnica.<\/span><\/p>\n<h2><b>Gli artisti della Scuola di Res\u00ecna\u00a0<\/b><\/h2>\n<p><span style=\"font-weight: 400;\">Tra gli artisti indipendenti ricordiamo che fecero parte della scuola ricordiamo <\/span><span style=\"font-weight: 400;\">Federico Rossano<\/span><span style=\"font-weight: 400;\">, <\/span><span style=\"font-weight: 400;\">Antonino Leto<\/span><span style=\"font-weight: 400;\">, <\/span><span style=\"font-weight: 400;\">Nicola Palizz<\/span><span style=\"font-weight: 400;\">i,\u00a0 <\/span><span style=\"font-weight: 400;\">Francesco Lojacono<\/span><span style=\"font-weight: 400;\">,<\/span><span style=\"font-weight: 400;\">Vincenzo<\/span><span style=\"font-weight: 400;\"> Caprile<\/span><span style=\"font-weight: 400;\">, <\/span><span style=\"font-weight: 400;\">Raffaele Belliazzi, <\/span><span style=\"font-weight: 400;\">Alceste Campriani<\/span><span style=\"font-weight: 400;\">, e Edoardo Dalbono.<\/span><\/p>\n<h3><span style=\"color: #800000;\"><b>Federico Rossano<\/b><\/span><\/h3>\n<p><b>Federico Rossano <\/b><span style=\"font-weight: 400;\">\u00a0(Napoli, 1835 &#8211; 1912) <\/span><span style=\"font-weight: 400;\">Frequent\u00f2\u2019 i corsi di pittura alla Reale Accademia del Disegno di Napoli. Studi\u00f2 con i pittori Gennaro Ruo e Giacinto Gigante.\u00a0<\/span><\/p>\n<p><span style=\"font-weight: 400;\">Nel 1858 si trasfer\u00ec a Portici insieme a Marco De Gregorio, Giuseppe De Nittis e Adriano Cecioni, con i quali fond\u00f2 <\/span><b>la Scuola di Res\u00ecna<\/b><span style=\"font-weight: 400;\"> che si rifaceva al concetto di macchia in comunanza con i Macchiaioli toscani e con il verismo.<\/span><\/p>\n<p><span style=\"font-weight: 400;\">\u00a0Nel 1875, dopo la morte di De Gregorio e su invito di De Nittis, si trasfer\u00ec a Parigi dove rimase per circa venti anni, seguendo gli impressionisti ed in particolare Corot. Nel 1880 spos\u00f2 Zelye Brocheton, figlia di un notaio di Soissons.\u00a0<\/span><\/p>\n<p><span style=\"font-weight: 400;\">Partecip\u00f2 a mostre sia in Francia che in Italia con grande successo, come nella personale a Parigi nel 1889, dopo aver esposto a Vienna nel 1873 ed a Londra nel 1880. Rientro\u2019a Portici nel 1893. A Napoli ottenne la cattedra di pittura presso la Reale Accademia del Disegno, mantenendola fino al 1902. Partecip\u00f2 alla Biennale di Venezia dal 1899 al 1905 e nel 1910.\u00a0<\/span><\/p>\n<p><span style=\"font-weight: 400;\">Le sue opere sono presenti nei musei, come il Campo di grano del 1863, acquistato da Vittorio Emanuele II per la partenopea Galleria di Capodimonte, altre esposte nella Galleria d&rsquo;Arte Moderna di Roma e nella collezione Grassi di Milano, ed in tutte le pi\u00f9 importanti collezioni private.<\/span><\/p>\n<h3><span style=\"color: #800000;\"><b> Antonino Leto<\/b><\/span><\/h3>\n<p><b>Antonino Leto<\/b> <span style=\"font-weight: 400;\">(Monreale 1844 &#8211; Capri 1913) <\/span><span style=\"font-weight: 400;\">La prima formazione di Antonino Leto si compie alla scuola di Luigi Barba e di Luigi Lojacono.<\/span><\/p>\n<p><span style=\"font-weight: 400;\"> Ma l\u2019incontro con quest\u2019ultimo suscita una spontanea adesione alla pittura di paesaggio e ai dettami del vedutismo naturalistico, approfonditi dal soggiorno napoletano. Leto infatti, ancora una volta si mostrer\u00e0 recettivo alle innovazioni, preferendo accompagnarsi ai pittori del gruppo di Resina, una libera unione fondata da Giuseppe De Nittis, Marco De Gregorio, Federico Rossano e il toscano Adriano Cecioni che vi port\u00f2 il contributo teorico e le sperimentazioni dei macchiaioli. La scuola di Resina, aveva una poetica innovativa indirizzata verso una rappresentazione del paesaggio pi\u00f9 libera, secondo una fedelt\u00e0 al \u00ab\u00a0vero\u00a0\u00bb reso emozionante. E\u2019 a questo periodo che risalgono gli studi sul colore e sulla luce delle opere vesuviane.<\/span><\/p>\n<figure id=\"attachment_123315\" aria-describedby=\"caption-attachment-123315\" style=\"width: 300px\" class=\"wp-caption alignnone\"><img decoding=\"async\" class=\"size-medium wp-image-123315\" src=\"https:\/\/egidimadeinitaly.com\/v25\/wp-content\/uploads\/2025\/04\/Antonino-Leto-I-funari-di-Torre-del-Greco-300x254.jpg\" alt=\"Scuola di Res\u00ecna su Egidi MadeinItaly\" width=\"300\" height=\"254\" \/><figcaption id=\"caption-attachment-123315\" class=\"wp-caption-text\">I funari di Torre del Greco<\/figcaption><\/figure>\n<h3><span style=\"color: #800000;\"><b>Nicola Palizzi<\/b><\/span><\/h3>\n<p><b>Nicola Palizzi <\/b><span style=\"font-weight: 400;\">(Vasto 1820\u00a0 &#8211;\u00a0 Napoli 1870)<\/span><\/p>\n<p><span style=\"font-weight: 400;\">Appartenente ad una famiglia di pittori, i fratelli: Giuseppe, Francesco Paolo e Filippo. Ha fatto parte del gruppo di pittori della Scuola di Res\u00ecna.<\/span><\/p>\n<p>Qui sotto l&rsquo;iconica veduta di Napoli di Palizzi.<\/p>\n<figure id=\"attachment_123318\" aria-describedby=\"caption-attachment-123318\" style=\"width: 300px\" class=\"wp-caption alignnone\"><img decoding=\"async\" class=\"size-medium wp-image-123318\" src=\"https:\/\/egidimadeinitaly.com\/v25\/wp-content\/uploads\/2025\/04\/Nicola-Palizzi-Veduta-di-Napoli-da-Piedigrotta-300x225.jpg\" alt=\"Scuola di Res\u00ecna su Egidi MadeinItaly\" width=\"300\" height=\"225\" \/><figcaption id=\"caption-attachment-123318\" class=\"wp-caption-text\">Nicola Palizzi Veduta di Napoli da Piedigrotta<\/figcaption><\/figure>\n<h3><span style=\"color: #800000;\"><b>Francesco Lojacono<\/b><\/span><\/h3>\n<p><b>Francesco Lojacono<\/b><span style=\"font-weight: 400;\"> (Palermo, 1838 \u2013 1915) soprannominato \u2018il pittore del sole\u201dper la sua capacit\u00e0 di infondere luminosit\u00e0 alle proprie tele.<\/span><\/p>\n<figure id=\"attachment_123508\" aria-describedby=\"caption-attachment-123508\" style=\"width: 300px\" class=\"wp-caption alignnone\"><img decoding=\"async\" class=\"size-medium wp-image-123508\" src=\"https:\/\/egidimadeinitaly.com\/v25\/wp-content\/uploads\/2025\/05\/Francesco-Lojacono-scaled-e1746874410247-300x143.jpg\" alt=\"Francesco Lojacono su Egidi MadeinItaly\" width=\"300\" height=\"143\" \/><figcaption id=\"caption-attachment-123508\" class=\"wp-caption-text\">Strada di campagna Francesco Lojacono<\/figcaption><\/figure>\n<h3><span style=\"color: #800000;\"><b>Edoardo Dalbono<\/b><\/span><\/h3>\n<p><b>Edoardo Dalbono <\/b><span style=\"font-weight: 400;\">(Napoli, 1841-1915).<\/span><b>\u00a0<\/b><span style=\"font-weight: 400;\">Esponente del Verismo. <\/span><\/p>\n<p><span style=\"font-weight: 400;\">Attivo nella seconda met\u00e0 dell&rsquo;Ottocento fino allo scoppio della Grande Guerra.<\/span><\/p>\n<p><span style=\"font-weight: 400;\">Temperamento stravagante praticava la pittura all\u2019aria aperta amando cogliere i giochi di luce nelle prime ore dell\u2019alba che poi trasfondeva nelle sue fantasiose scene di genere, in soffuse atmosfere pregne di poesia.<\/span><\/p>\n<p><span style=\"font-weight: 400;\">Eduardo Dalbono, apparteneva a una famiglia di artisti e letterati napoletani. La sua formazione artistica avvenne nell&rsquo;ambito del <\/span><b>movimento verista della Scuola di Res\u00ecna<\/b><span style=\"font-weight: 400;\"> tra i suoi\u00a0 maestri Giuseppe Mancinelli, Filippo Palizzi e Domenico Morelli.\u00a0<\/span><\/p>\n<p><span style=\"font-weight: 400;\">Partecip\u00f2 a diverse esposizioni dove ebbe modo di fare apprezzare i suoi dipinti di soggetti storico-religioso. In seguito la sua produzione si concentr\u00f2 su quadri di paesaggi e di genere d\u2019ambito napoletano.\u00a0<\/span><\/p>\n<p><span style=\"font-weight: 400;\">Nel 1897 divenne professore di pittura del Reale Istituto di Belle Arti di Napoli, mentre nel 1905 fu nominato curatore della Pinacoteca Nazionale.<\/span><\/p>\n<figure id=\"attachment_123504\" aria-describedby=\"caption-attachment-123504\" style=\"width: 300px\" class=\"wp-caption alignnone\"><img decoding=\"async\" class=\"size-medium wp-image-123504\" src=\"https:\/\/egidimadeinitaly.com\/v25\/wp-content\/uploads\/2025\/05\/La-terrazzza-Edoardo-Dalbono-scaled-e1749394089579.jpg\" alt=\"Edoardo Dalbono\" width=\"300\" height=\"218\" \/><figcaption id=\"caption-attachment-123504\" class=\"wp-caption-text\">La terrazzza Edoardo Dalbono<\/figcaption><\/figure>\n<h3><span style=\"color: #800000;\"><b>Attilio Pratella<\/b><\/span><\/h3>\n<p><b>Attilio Pratella <\/b>\u00a0<span style=\"font-weight: 400;\">(Lugo di Romagna,1856 \u2013 Napoli, 1949)<\/span><\/p>\n<p><span style=\"font-weight: 400;\">Tra i pittori pi\u00f9 amati dal collezionismo dell\u2019Ottocento, si form\u00f2 all\u2019Accademia di Belle Arti di Bologna . Nel 1879 con Pietro Fragiacomo soggiorn\u00f2 a Venezia, dove visit\u00f2 lo studio di Giacomo Favretto e apprese la maniera vibrante e briosa di Mariano Fortuny ed Ernest Meissonier.\u00a0<\/span><\/p>\n<p><span style=\"font-weight: 400;\">Nel 1880 si trasferisce a Napoli citt\u00e0 dove frequenta la <\/span><b>Scuola di Resina <\/b><span style=\"font-weight: 400;\">e dove rimane per tutta la vita.<\/span><\/p>\n<figure id=\"attachment_94714\" aria-describedby=\"caption-attachment-94714\" style=\"width: 300px\" class=\"wp-caption alignnone\"><img decoding=\"async\" class=\"size-medium wp-image-94714\" src=\"https:\/\/egidimadeinitaly.com\/v25\/wp-content\/uploads\/2020\/09\/Attilio_Pratella-scaled-e1722618471480-300x225.jpeg\" alt=\"Attilio Pratella su Egidi MadeinItaly\" width=\"300\" height=\"225\" \/><figcaption id=\"caption-attachment-94714\" class=\"wp-caption-text\">Paesaggio Marina Golfo<br \/>di Napoli Pratella<\/figcaption><\/figure>\n<h3><span style=\"color: #800000;\"><b>Vincenzo Caprile <\/b><\/span><\/h3>\n<p><b>Vincenzo Caprile<\/b><span style=\"font-weight: 400;\">\u00a0(Napoli, 1856-1936) Pittore impressionista.<\/span><\/p>\n<p><span style=\"font-weight: 400;\">Uno degli animatori della<\/span> <span style=\"font-weight: 400;\">Scuola di Res\u00ecna<\/span><span style=\"font-weight: 400;\">. Ritrattista e paesaggista, ebbe un legame viscerale con la sua Napol<\/span><span style=\"font-weight: 400;\">i<\/span><span style=\"font-weight: 400;\">, da cui si spost\u00f2 di rado. <\/span><\/p>\n<p><span style=\"font-weight: 400;\">Le localit\u00e0 italiane che esercitarono sull&rsquo;artista un grosso fascino, oggetto delle sue opere furono, Napoli, Positano e Venezia. <\/span><\/p>\n<p><span style=\"font-weight: 400;\">Qui sotto lo splendido dipinto \u00ab\u00a0<em>L&rsquo;acqua zurfegna a Santa Lucia&rsquo;<\/em><\/span><\/p>\n<figure id=\"attachment_123312\" aria-describedby=\"caption-attachment-123312\" style=\"width: 211px\" class=\"wp-caption alignnone\"><img decoding=\"async\" class=\"size-medium wp-image-123312\" src=\"https:\/\/egidimadeinitaly.com\/v25\/wp-content\/uploads\/2025\/04\/Vincenzo-Caprile-211x300.jpg\" alt=\"Scuola di Res\u00ecna su Egidi MadeinItaly\" width=\"211\" height=\"300\" \/><figcaption id=\"caption-attachment-123312\" class=\"wp-caption-text\">Vincenzo Caprile L&rsquo;acqua zurfegna a Santa Lucia<\/figcaption><\/figure>\n<h3><span style=\"color: #800000;\"><b>Alceste Campriani<\/b><\/span><\/h3>\n<p><b>Alceste Campriani<\/b> <span style=\"font-weight: 400;\">(Terni 1848- Lucca 1933) A Napoli a seguito del padre esule per motivi politici. <\/span><\/p>\n<p><span style=\"font-weight: 400;\">\u00a0Dal 1862 al 1869 studi\u00f2 all&rsquo;Accademia di Belle Arti di Napoli dove fu anche professore. Qui conosce\u00a0 Giuseppe De Nittis con cui strinse una sincera e fruttuosa amicizia. Inoltre, affresc\u00f2 insieme ad altri <a href=\"https:\/\/grancaffegambrinus.com\/arte\/\" target=\"_blank\" rel=\"noopener\">le sale del caff\u00e8 Gambrinus<\/a>. La sua pittura acquista alla fine del secolo un timbro pi\u00f9 poetico, malinconico e soggettivo.<\/span><\/p>\n<figure id=\"attachment_123514\" aria-describedby=\"caption-attachment-123514\" style=\"width: 225px\" class=\"wp-caption alignnone\"><img decoding=\"async\" class=\"size-medium wp-image-123514\" src=\"https:\/\/egidimadeinitaly.com\/v25\/wp-content\/uploads\/2025\/05\/Vincenzo-Caprile-Elena-del-Montenegro-principessa-di-Napoli-225x300.jpg\" alt=\"Vincenzo Caprile su Egidi MadeinItaly\" width=\"225\" height=\"300\" \/><figcaption id=\"caption-attachment-123514\" class=\"wp-caption-text\">Elena del Montenegro principessa di Napoli<\/figcaption><\/figure>\n<h2><b>Le caratteristiche della pittura della Scuola di Res\u00ecna<\/b><\/h2>\n<p><span style=\"font-weight: 400;\">Gli artisti della Scuola di Res\u00ecna si rifacevano ai pittori Macchiaioli e alla scuola di Barbizon. Dipingevano all\u2019aria aperta,<\/span><i><span style=\"font-weight: 400;\">en plein air<\/span><\/i><span style=\"font-weight: 400;\"> su piccole tele, scegliendo insolite visuali, stradine di campagna e lontane dalla citt\u00e0, frammenti di vita quotidiana, privilegiando punti di vista anticonvenzionali del paesaggio meridionale.<\/span><\/p>\n<p><span style=\"font-weight: 400;\">Una pittura autentica,\u00a0 priva di disegni preparatori, immediata e caratterizzata da una maggiore intensit\u00e0 tonale.\u00a0<\/span><\/p>\n<p>La Scuola di <span style=\"font-weight: 400;\">Res\u00ecna si sciolse nel 1867.<\/span><\/p>\n<p>&nbsp;<\/p>\n","protected":false},"excerpt":{"rendered":"<p>Scuola di Res\u00ecna\u00a0 Nella seconda met\u00e0 dell&rsquo;Ottocento, la vena sperimentale della Scuola di Posillipo trova un nuovo slancio nella cosiddetta [&hellip;]<\/p>\n","protected":false},"author":9,"featured_media":123333,"comment_status":"closed","ping_status":"closed","sticky":false,"template":"","format":"standard","meta":{"_acf_changed":false,"footnotes":""},"categories":[1449],"tags":[],"class_list":["post-123988","post","type-post","status-publish","format-standard","has-post-thumbnail","hentry","category-magazine-fr"],"acf":[],"yoast_head":"<!-- This site is optimized with the Yoast SEO Premium plugin v27.4 (Yoast SEO v27.5) - https:\/\/yoast.com\/product\/yoast-seo-premium-wordpress\/ -->\n<title>Scuola di Res\u00ecna - Egidi MadeinItaly<\/title>\n<meta name=\"description\" content=\"Le courant de peinture \u00ab \u00c9cole de Res\u00ecna \u00bb, qui a op\u00e9r\u00e9 dans la r\u00e9gion v\u00e9suvienne entre 1863 et 1867, a \u00e9t\u00e9 fond\u00e9 par De Gregorio, Rossano et De Nittis.\" \/>\n<meta name=\"robots\" content=\"index, follow, max-snippet:-1, max-image-preview:large, max-video-preview:-1\" \/>\n<link rel=\"canonical\" href=\"https:\/\/egidimadeinitaly.com\/fr\/scuola-di-resina\/\" \/>\n<meta property=\"og:locale\" content=\"fr_FR\" \/>\n<meta property=\"og:type\" content=\"article\" \/>\n<meta property=\"og:title\" content=\"Scuola di Res\u00ecna\" \/>\n<meta property=\"og:description\" content=\"Scuola di Res\u00ecna\u00a0 Nella seconda met\u00e0 dell&#039;Ottocento, la vena sperimentale della Scuola di Posillipo trova un nuovo slancio nella cosiddetta Scuola di\" \/>\n<meta property=\"og:url\" content=\"https:\/\/egidimadeinitaly.com\/fr\/scuola-di-resina\/\" \/>\n<meta property=\"og:site_name\" content=\"Egidi MadeinItaly\" \/>\n<meta property=\"article:publisher\" content=\"https:\/\/www.facebook.com\/egidimadeinitaly\/\" \/>\n<meta property=\"article:published_time\" content=\"2025-05-10T14:20:46+00:00\" \/>\n<meta property=\"article:modified_time\" content=\"2025-06-08T14:49:30+00:00\" \/>\n<meta property=\"og:image\" content=\"https:\/\/egidimadeinitaly.com\/v25\/wp-content\/uploads\/2025\/04\/Scuola-d-Resina-Vincenzo-Caprile-e1747229744908.jpg\" \/>\n\t<meta property=\"og:image:width\" content=\"1891\" \/>\n\t<meta property=\"og:image:height\" content=\"2539\" \/>\n\t<meta property=\"og:image:type\" content=\"image\/jpeg\" \/>\n<meta name=\"author\" content=\"Sabrina Egidi\" \/>\n<script type=\"application\/ld+json\" class=\"yoast-schema-graph\">{\"@context\":\"https:\\\/\\\/schema.org\",\"@graph\":[{\"@type\":\"Article\",\"@id\":\"https:\\\/\\\/egidimadeinitaly.com\\\/fr\\\/scuola-di-resina\\\/#article\",\"isPartOf\":{\"@id\":\"https:\\\/\\\/egidimadeinitaly.com\\\/fr\\\/scuola-di-resina\\\/\"},\"author\":{\"name\":\"Sabrina Egidi\",\"@id\":\"https:\\\/\\\/egidimadeinitaly.com\\\/fr\\\/#\\\/schema\\\/person\\\/6723cc7bd1bded901c15c844a8ad09ac\"},\"headline\":\"Scuola di Res\u00ecna\",\"datePublished\":\"2025-05-10T14:20:46+00:00\",\"dateModified\":\"2025-06-08T14:49:30+00:00\",\"mainEntityOfPage\":{\"@id\":\"https:\\\/\\\/egidimadeinitaly.com\\\/fr\\\/scuola-di-resina\\\/\"},\"wordCount\":1424,\"image\":{\"@id\":\"https:\\\/\\\/egidimadeinitaly.com\\\/fr\\\/scuola-di-resina\\\/#primaryimage\"},\"thumbnailUrl\":\"https:\\\/\\\/egidimadeinitaly.com\\\/v25\\\/wp-content\\\/uploads\\\/2025\\\/04\\\/Scuola-d-Resina-Vincenzo-Caprile-e1747229744908.jpg\",\"articleSection\":[\"Magazine\"],\"inLanguage\":\"fr-FR\"},{\"@type\":\"WebPage\",\"@id\":\"https:\\\/\\\/egidimadeinitaly.com\\\/fr\\\/scuola-di-resina\\\/\",\"url\":\"https:\\\/\\\/egidimadeinitaly.com\\\/fr\\\/scuola-di-resina\\\/\",\"name\":\"Scuola di Res\u00ecna - Egidi MadeinItaly\",\"isPartOf\":{\"@id\":\"https:\\\/\\\/egidimadeinitaly.com\\\/fr\\\/#website\"},\"primaryImageOfPage\":{\"@id\":\"https:\\\/\\\/egidimadeinitaly.com\\\/fr\\\/scuola-di-resina\\\/#primaryimage\"},\"image\":{\"@id\":\"https:\\\/\\\/egidimadeinitaly.com\\\/fr\\\/scuola-di-resina\\\/#primaryimage\"},\"thumbnailUrl\":\"https:\\\/\\\/egidimadeinitaly.com\\\/v25\\\/wp-content\\\/uploads\\\/2025\\\/04\\\/Scuola-d-Resina-Vincenzo-Caprile-e1747229744908.jpg\",\"datePublished\":\"2025-05-10T14:20:46+00:00\",\"dateModified\":\"2025-06-08T14:49:30+00:00\",\"author\":{\"@id\":\"https:\\\/\\\/egidimadeinitaly.com\\\/fr\\\/#\\\/schema\\\/person\\\/6723cc7bd1bded901c15c844a8ad09ac\"},\"description\":\"Le courant de peinture \u00ab \u00c9cole de Res\u00ecna \u00bb, qui a op\u00e9r\u00e9 dans la r\u00e9gion v\u00e9suvienne entre 1863 et 1867, a \u00e9t\u00e9 fond\u00e9 par De Gregorio, Rossano et De Nittis.\",\"breadcrumb\":{\"@id\":\"https:\\\/\\\/egidimadeinitaly.com\\\/fr\\\/scuola-di-resina\\\/#breadcrumb\"},\"inLanguage\":\"fr-FR\",\"potentialAction\":[{\"@type\":\"ReadAction\",\"target\":[\"https:\\\/\\\/egidimadeinitaly.com\\\/fr\\\/scuola-di-resina\\\/\"]}]},{\"@type\":\"ImageObject\",\"inLanguage\":\"fr-FR\",\"@id\":\"https:\\\/\\\/egidimadeinitaly.com\\\/fr\\\/scuola-di-resina\\\/#primaryimage\",\"url\":\"https:\\\/\\\/egidimadeinitaly.com\\\/v25\\\/wp-content\\\/uploads\\\/2025\\\/04\\\/Scuola-d-Resina-Vincenzo-Caprile-e1747229744908.jpg\",\"contentUrl\":\"https:\\\/\\\/egidimadeinitaly.com\\\/v25\\\/wp-content\\\/uploads\\\/2025\\\/04\\\/Scuola-d-Resina-Vincenzo-Caprile-e1747229744908.jpg\",\"width\":1891,\"height\":2539,\"caption\":\"Vincenzo Caprila\"},{\"@type\":\"BreadcrumbList\",\"@id\":\"https:\\\/\\\/egidimadeinitaly.com\\\/fr\\\/scuola-di-resina\\\/#breadcrumb\",\"itemListElement\":[{\"@type\":\"ListItem\",\"position\":1,\"name\":\"Home\",\"item\":\"https:\\\/\\\/egidimadeinitaly.com\\\/fr\\\/\"},{\"@type\":\"ListItem\",\"position\":2,\"name\":\"Magazine\",\"item\":\"https:\\\/\\\/egidimadeinitaly.com\\\/fr\\\/category\\\/magazine-fr\\\/\"},{\"@type\":\"ListItem\",\"position\":3,\"name\":\"Scuola di Res\u00ecna\"}]},{\"@type\":\"WebSite\",\"@id\":\"https:\\\/\\\/egidimadeinitaly.com\\\/fr\\\/#website\",\"url\":\"https:\\\/\\\/egidimadeinitaly.com\\\/fr\\\/\",\"name\":\"Egidi MadeinItaly\",\"description\":\"Fine Art\",\"potentialAction\":[{\"@type\":\"SearchAction\",\"target\":{\"@type\":\"EntryPoint\",\"urlTemplate\":\"https:\\\/\\\/egidimadeinitaly.com\\\/fr\\\/?s={search_term_string}\"},\"query-input\":{\"@type\":\"PropertyValueSpecification\",\"valueRequired\":true,\"valueName\":\"search_term_string\"}}],\"inLanguage\":\"fr-FR\"},{\"@type\":\"Person\",\"@id\":\"https:\\\/\\\/egidimadeinitaly.com\\\/fr\\\/#\\\/schema\\\/person\\\/6723cc7bd1bded901c15c844a8ad09ac\",\"name\":\"Sabrina Egidi\",\"image\":{\"@type\":\"ImageObject\",\"inLanguage\":\"fr-FR\",\"@id\":\"https:\\\/\\\/secure.gravatar.com\\\/avatar\\\/a40fdbc55bf918bb816497bc3c90e4c5c27f15a4085cd750f2c78f47ae05c7d1?s=96&d=mm&r=g\",\"url\":\"https:\\\/\\\/secure.gravatar.com\\\/avatar\\\/a40fdbc55bf918bb816497bc3c90e4c5c27f15a4085cd750f2c78f47ae05c7d1?s=96&d=mm&r=g\",\"contentUrl\":\"https:\\\/\\\/secure.gravatar.com\\\/avatar\\\/a40fdbc55bf918bb816497bc3c90e4c5c27f15a4085cd750f2c78f47ae05c7d1?s=96&d=mm&r=g\",\"caption\":\"Sabrina Egidi\"}}]}<\/script>\n<!-- \/ Yoast SEO Premium plugin. -->","yoast_head_json":{"title":"Scuola di Res\u00ecna - Egidi MadeinItaly","description":"Le courant de peinture \u00ab \u00c9cole de Res\u00ecna \u00bb, qui a op\u00e9r\u00e9 dans la r\u00e9gion v\u00e9suvienne entre 1863 et 1867, a \u00e9t\u00e9 fond\u00e9 par De Gregorio, Rossano et De Nittis.","robots":{"index":"index","follow":"follow","max-snippet":"max-snippet:-1","max-image-preview":"max-image-preview:large","max-video-preview":"max-video-preview:-1"},"canonical":"https:\/\/egidimadeinitaly.com\/fr\/scuola-di-resina\/","og_locale":"fr_FR","og_type":"article","og_title":"Scuola di Res\u00ecna","og_description":"Scuola di Res\u00ecna\u00a0 Nella seconda met\u00e0 dell'Ottocento, la vena sperimentale della Scuola di Posillipo trova un nuovo slancio nella cosiddetta Scuola di","og_url":"https:\/\/egidimadeinitaly.com\/fr\/scuola-di-resina\/","og_site_name":"Egidi MadeinItaly","article_publisher":"https:\/\/www.facebook.com\/egidimadeinitaly\/","article_published_time":"2025-05-10T14:20:46+00:00","article_modified_time":"2025-06-08T14:49:30+00:00","og_image":[{"width":1891,"height":2539,"url":"https:\/\/egidimadeinitaly.com\/v25\/wp-content\/uploads\/2025\/04\/Scuola-d-Resina-Vincenzo-Caprile-e1747229744908.jpg","type":"image\/jpeg"}],"author":"Sabrina Egidi","schema":{"@context":"https:\/\/schema.org","@graph":[{"@type":"Article","@id":"https:\/\/egidimadeinitaly.com\/fr\/scuola-di-resina\/#article","isPartOf":{"@id":"https:\/\/egidimadeinitaly.com\/fr\/scuola-di-resina\/"},"author":{"name":"Sabrina Egidi","@id":"https:\/\/egidimadeinitaly.com\/fr\/#\/schema\/person\/6723cc7bd1bded901c15c844a8ad09ac"},"headline":"Scuola di Res\u00ecna","datePublished":"2025-05-10T14:20:46+00:00","dateModified":"2025-06-08T14:49:30+00:00","mainEntityOfPage":{"@id":"https:\/\/egidimadeinitaly.com\/fr\/scuola-di-resina\/"},"wordCount":1424,"image":{"@id":"https:\/\/egidimadeinitaly.com\/fr\/scuola-di-resina\/#primaryimage"},"thumbnailUrl":"https:\/\/egidimadeinitaly.com\/v25\/wp-content\/uploads\/2025\/04\/Scuola-d-Resina-Vincenzo-Caprile-e1747229744908.jpg","articleSection":["Magazine"],"inLanguage":"fr-FR"},{"@type":"WebPage","@id":"https:\/\/egidimadeinitaly.com\/fr\/scuola-di-resina\/","url":"https:\/\/egidimadeinitaly.com\/fr\/scuola-di-resina\/","name":"Scuola di Res\u00ecna - Egidi MadeinItaly","isPartOf":{"@id":"https:\/\/egidimadeinitaly.com\/fr\/#website"},"primaryImageOfPage":{"@id":"https:\/\/egidimadeinitaly.com\/fr\/scuola-di-resina\/#primaryimage"},"image":{"@id":"https:\/\/egidimadeinitaly.com\/fr\/scuola-di-resina\/#primaryimage"},"thumbnailUrl":"https:\/\/egidimadeinitaly.com\/v25\/wp-content\/uploads\/2025\/04\/Scuola-d-Resina-Vincenzo-Caprile-e1747229744908.jpg","datePublished":"2025-05-10T14:20:46+00:00","dateModified":"2025-06-08T14:49:30+00:00","author":{"@id":"https:\/\/egidimadeinitaly.com\/fr\/#\/schema\/person\/6723cc7bd1bded901c15c844a8ad09ac"},"description":"Le courant de peinture \u00ab \u00c9cole de Res\u00ecna \u00bb, qui a op\u00e9r\u00e9 dans la r\u00e9gion v\u00e9suvienne entre 1863 et 1867, a \u00e9t\u00e9 fond\u00e9 par De Gregorio, Rossano et De Nittis.","breadcrumb":{"@id":"https:\/\/egidimadeinitaly.com\/fr\/scuola-di-resina\/#breadcrumb"},"inLanguage":"fr-FR","potentialAction":[{"@type":"ReadAction","target":["https:\/\/egidimadeinitaly.com\/fr\/scuola-di-resina\/"]}]},{"@type":"ImageObject","inLanguage":"fr-FR","@id":"https:\/\/egidimadeinitaly.com\/fr\/scuola-di-resina\/#primaryimage","url":"https:\/\/egidimadeinitaly.com\/v25\/wp-content\/uploads\/2025\/04\/Scuola-d-Resina-Vincenzo-Caprile-e1747229744908.jpg","contentUrl":"https:\/\/egidimadeinitaly.com\/v25\/wp-content\/uploads\/2025\/04\/Scuola-d-Resina-Vincenzo-Caprile-e1747229744908.jpg","width":1891,"height":2539,"caption":"Vincenzo Caprila"},{"@type":"BreadcrumbList","@id":"https:\/\/egidimadeinitaly.com\/fr\/scuola-di-resina\/#breadcrumb","itemListElement":[{"@type":"ListItem","position":1,"name":"Home","item":"https:\/\/egidimadeinitaly.com\/fr\/"},{"@type":"ListItem","position":2,"name":"Magazine","item":"https:\/\/egidimadeinitaly.com\/fr\/category\/magazine-fr\/"},{"@type":"ListItem","position":3,"name":"Scuola di Res\u00ecna"}]},{"@type":"WebSite","@id":"https:\/\/egidimadeinitaly.com\/fr\/#website","url":"https:\/\/egidimadeinitaly.com\/fr\/","name":"Egidi MadeinItaly","description":"Fine Art","potentialAction":[{"@type":"SearchAction","target":{"@type":"EntryPoint","urlTemplate":"https:\/\/egidimadeinitaly.com\/fr\/?s={search_term_string}"},"query-input":{"@type":"PropertyValueSpecification","valueRequired":true,"valueName":"search_term_string"}}],"inLanguage":"fr-FR"},{"@type":"Person","@id":"https:\/\/egidimadeinitaly.com\/fr\/#\/schema\/person\/6723cc7bd1bded901c15c844a8ad09ac","name":"Sabrina Egidi","image":{"@type":"ImageObject","inLanguage":"fr-FR","@id":"https:\/\/secure.gravatar.com\/avatar\/a40fdbc55bf918bb816497bc3c90e4c5c27f15a4085cd750f2c78f47ae05c7d1?s=96&d=mm&r=g","url":"https:\/\/secure.gravatar.com\/avatar\/a40fdbc55bf918bb816497bc3c90e4c5c27f15a4085cd750f2c78f47ae05c7d1?s=96&d=mm&r=g","contentUrl":"https:\/\/secure.gravatar.com\/avatar\/a40fdbc55bf918bb816497bc3c90e4c5c27f15a4085cd750f2c78f47ae05c7d1?s=96&d=mm&r=g","caption":"Sabrina Egidi"}}]}},"_links":{"self":[{"href":"https:\/\/egidimadeinitaly.com\/fr\/wp-json\/wp\/v2\/posts\/123988","targetHints":{"allow":["GET"]}}],"collection":[{"href":"https:\/\/egidimadeinitaly.com\/fr\/wp-json\/wp\/v2\/posts"}],"about":[{"href":"https:\/\/egidimadeinitaly.com\/fr\/wp-json\/wp\/v2\/types\/post"}],"author":[{"embeddable":true,"href":"https:\/\/egidimadeinitaly.com\/fr\/wp-json\/wp\/v2\/users\/9"}],"replies":[{"embeddable":true,"href":"https:\/\/egidimadeinitaly.com\/fr\/wp-json\/wp\/v2\/comments?post=123988"}],"version-history":[{"count":1,"href":"https:\/\/egidimadeinitaly.com\/fr\/wp-json\/wp\/v2\/posts\/123988\/revisions"}],"predecessor-version":[{"id":124004,"href":"https:\/\/egidimadeinitaly.com\/fr\/wp-json\/wp\/v2\/posts\/123988\/revisions\/124004"}],"wp:featuredmedia":[{"embeddable":true,"href":"https:\/\/egidimadeinitaly.com\/fr\/wp-json\/wp\/v2\/media\/123333"}],"wp:attachment":[{"href":"https:\/\/egidimadeinitaly.com\/fr\/wp-json\/wp\/v2\/media?parent=123988"}],"wp:term":[{"taxonomy":"category","embeddable":true,"href":"https:\/\/egidimadeinitaly.com\/fr\/wp-json\/wp\/v2\/categories?post=123988"},{"taxonomy":"post_tag","embeddable":true,"href":"https:\/\/egidimadeinitaly.com\/fr\/wp-json\/wp\/v2\/tags?post=123988"}],"curies":[{"name":"wp","href":"https:\/\/api.w.org\/{rel}","templated":true}]}}