{"id":116342,"date":"2023-07-28T19:53:02","date_gmt":"2023-07-28T18:53:02","guid":{"rendered":"https:\/\/egidimadeinitaly.com\/ecomsite\/mario-schifano-et-jean-michel-basquiat\/"},"modified":"2025-11-03T16:19:34","modified_gmt":"2025-11-03T15:19:34","slug":"mario-schifano-et-jean-michel-basquiat","status":"publish","type":"post","link":"https:\/\/egidimadeinitaly.com\/fr\/mario-schifano-et-jean-michel-basquiat\/","title":{"rendered":"Mario Schifano et Basquiat"},"content":{"rendered":"<h1><b>Mario Schifano et Basquiat<\/b><\/h1>\n<h2><span style=\"font-weight: 400;\">Quels sont les points communs entre <\/span><b>Mario Schifano<\/b><span style=\"font-weight: 400;\"> et <\/span><b>Jean-Michel Basquiat<\/b><span style=\"font-weight: 400;\"> ?\u00a0<\/span><\/h2>\n<p><span style=\"font-weight: 400;\">Les deux artistes, l&rsquo;un romain et l&rsquo;autre am\u00e9ricain, avaient en commun une ville, <\/span><b>Mod\u00e8ne<\/b><span style=\"font-weight: 400;\">, un hangar, mais surtout des toiles immenses et toujours immacul\u00e9es.<\/span><\/p>\n<p><span style=\"font-weight: 400;\">Mais commen\u00e7ons par le commencement.<\/span><\/p>\n<h2><span style=\"font-weight: 400;\"> <b>Samo\u00a9<\/b><\/span><\/h2>\n<p><span style=\"font-weight: 400;\">Mai 1981, Basquiat (Brooklyn 1960-New York 1988), vingt-et-un ans et encore \u00e0 ses d\u00e9buts, arrive \u00e0 Mod\u00e8ne \u00e0 l&rsquo;invitation d&rsquo;<\/span><b>Emilio Mazzoli<\/b><span style=\"font-weight: 400;\">, grand marchand d&rsquo;art et galeriste, pour sa premi\u00e8re exposition personnelle europ\u00e9enne sous le pseudonyme de <\/span><b>Samo\u00a9<\/b><span style=\"font-weight: 400;\">.\u00a0<\/span><\/p>\n<p><span style=\"font-weight: 400;\">Il revient \u00e0 Mod\u00e8ne en 1982 pour une deuxi\u00e8me exposition, toujours \u00e0 l&rsquo;invitation du marchand d&rsquo;art Mazzoli qui, cette fois, lui propose de signer ses \u0153uvres de son vrai nom.<\/span><\/p>\n<p><span style=\"font-weight: 400;\">Il met \u00e0 sa disposition un hangar pour travailler.<\/span><\/p>\n<p><span style=\"font-weight: 400;\">Le meilleur est \u00e0 venir.<\/span><\/p>\n<p><span style=\"font-weight: 400;\">Le hangar est celui o\u00f9 <\/span><b>Mario Schifano<\/b><span style=\"font-weight: 400;\"> a travaill\u00e9, toujours pour Mazzoli, et o\u00f9 s&rsquo;entassaient d&rsquo;immenses toiles immacul\u00e9es et quelques \u0153uvres achev\u00e9es, toutes deux appartenant au roi de l&rsquo;<a href=\"https:\/\/egidimadeinitaly.com\/fr\/ecole-de-piazza-del-popolo\/\">\u00c9cole de la Piazza del Popolo<\/a>.<\/span><\/p>\n<p><span style=\"font-weight: 400;\">C&rsquo;est l\u00e0 que Basquiat, avec un rythme endiabl\u00e9 (cela vous rappelle-t-il quelqu&rsquo;un ? Schifano) utilise ces grandes toiles et r\u00e9alise en une semaine huit tableaux dans un format monumental qu&rsquo;il n&rsquo;avait jamais exp\u00e9riment\u00e9 auparavant.\u00a0<\/span><\/p>\n<h2><span style=\"font-weight: 400;\">Crucifi\u00e9 sur un fer \u00e0 cheval<\/span><\/h2>\n<p><span style=\"font-weight: 400;\">L&rsquo;expression de Mario Schifano <\/span><i><span style=\"font-weight: 400;\">\u00ab\u00a0Crucifi\u00e9 sur un fer \u00e0 cheval\u00a0\u00bb<\/span><\/i><span style=\"font-weight: 400;\"> est de plus en plus vraie. <\/span><\/p>\n<p><span style=\"font-weight: 400;\">Ses toiles oubli\u00e9es ont donn\u00e9 naissance \u00e0 un autre artiste. Peut-\u00eatre qu&rsquo;un peu de son g\u00e9nie est pr\u00e9sent dans ces huit toiles qui se trouvent aujourd&rsquo;hui dans des collections priv\u00e9es.<\/span><\/p>\n<figure id=\"attachment_116337\" aria-describedby=\"caption-attachment-116337\" style=\"width: 270px\" class=\"wp-caption alignnone\"><img decoding=\"async\" class=\"size-medium wp-image-116337\" src=\"https:\/\/egidimadeinitaly.com\/v25\/wp-content\/uploads\/2023\/07\/mario_schifano-270x300.jpg\" alt=\"Mario Schifano et Jean-Michel Basquiat\" width=\"270\" height=\"300\" srcset=\"https:\/\/egidimadeinitaly.com\/v25\/wp-content\/uploads\/2023\/07\/mario_schifano-270x300.jpg 270w, https:\/\/egidimadeinitaly.com\/v25\/wp-content\/uploads\/2023\/07\/mario_schifano.jpg 584w\" sizes=\"(max-width: 270px) 100vw, 270px\" \/><figcaption id=\"caption-attachment-116337\" class=\"wp-caption-text\">Mario Schifano et Jean-Michel Basquiat<\/figcaption><\/figure>\n","protected":false},"excerpt":{"rendered":"<p>Mario Schifano et Basquiat Quels sont les points communs entre Mario Schifano et Jean-Michel Basquiat ?\u00a0 Les deux artistes, l&rsquo;un [&hellip;]<\/p>\n","protected":false},"author":9,"featured_media":116334,"comment_status":"closed","ping_status":"closed","sticky":false,"template":"","format":"standard","meta":{"_acf_changed":false,"footnotes":""},"categories":[1449],"tags":[6367,6450],"class_list":["post-116342","post","type-post","status-publish","format-standard","has-post-thumbnail","hentry","category-magazine-fr","tag-ecole-de-piazza-del-popolo","tag-mario-schifano-fr"],"acf":[],"yoast_head":"<!-- This site is optimized with the Yoast SEO Premium plugin v27.4 (Yoast SEO v27.5) - https:\/\/yoast.com\/product\/yoast-seo-premium-wordpress\/ -->\n<title>Mario Schifano et Basquiat - Egidi MadeinItaly<\/title>\n<meta name=\"description\" content=\"Mario Schifano et Basquiat ont en commun la ville de Mod\u00e8ne et le grand marchand d&#039;art Emilio Mazzoli, apprenez-en plus sur Egidi MadeinItaly\" \/>\n<meta name=\"robots\" content=\"index, follow, max-snippet:-1, max-image-preview:large, max-video-preview:-1\" \/>\n<link rel=\"canonical\" href=\"https:\/\/egidimadeinitaly.com\/fr\/mario-schifano-et-jean-michel-basquiat\/\" \/>\n<meta property=\"og:locale\" content=\"fr_FR\" \/>\n<meta property=\"og:type\" content=\"article\" \/>\n<meta property=\"og:title\" content=\"Mario Schifano et Basquiat\" \/>\n<meta property=\"og:description\" content=\"Mario Schifano et Basquiat Quels sont les points communs entre Mario Schifano et Jean-Michel Basquiat ?\u00a0 Les deux artistes, l&#039;un romain et l&#039;autre\" \/>\n<meta property=\"og:url\" content=\"https:\/\/egidimadeinitaly.com\/fr\/mario-schifano-et-jean-michel-basquiat\/\" \/>\n<meta property=\"og:site_name\" content=\"Egidi MadeinItaly\" \/>\n<meta property=\"article:publisher\" content=\"https:\/\/www.facebook.com\/egidimadeinitaly\/\" \/>\n<meta property=\"article:published_time\" content=\"2023-07-28T18:53:02+00:00\" \/>\n<meta property=\"article:modified_time\" content=\"2025-11-03T15:19:34+00:00\" \/>\n<meta property=\"og:image\" content=\"https:\/\/egidimadeinitaly.com\/v25\/wp-content\/uploads\/2023\/07\/Basquiat.jpg\" \/>\n\t<meta property=\"og:image:width\" content=\"620\" \/>\n\t<meta property=\"og:image:height\" content=\"388\" \/>\n\t<meta property=\"og:image:type\" content=\"image\/jpeg\" \/>\n<meta name=\"author\" content=\"Sabrina Egidi\" \/>\n<script type=\"application\/ld+json\" class=\"yoast-schema-graph\">{\"@context\":\"https:\\\/\\\/schema.org\",\"@graph\":[{\"@type\":\"Article\",\"@id\":\"https:\\\/\\\/egidimadeinitaly.com\\\/fr\\\/mario-schifano-et-jean-michel-basquiat\\\/#article\",\"isPartOf\":{\"@id\":\"https:\\\/\\\/egidimadeinitaly.com\\\/fr\\\/mario-schifano-et-jean-michel-basquiat\\\/\"},\"author\":{\"name\":\"Sabrina Egidi\",\"@id\":\"https:\\\/\\\/egidimadeinitaly.com\\\/fr\\\/#\\\/schema\\\/person\\\/6723cc7bd1bded901c15c844a8ad09ac\"},\"headline\":\"Mario Schifano et Basquiat\",\"datePublished\":\"2023-07-28T18:53:02+00:00\",\"dateModified\":\"2025-11-03T15:19:34+00:00\",\"mainEntityOfPage\":{\"@id\":\"https:\\\/\\\/egidimadeinitaly.com\\\/fr\\\/mario-schifano-et-jean-michel-basquiat\\\/\"},\"wordCount\":284,\"image\":{\"@id\":\"https:\\\/\\\/egidimadeinitaly.com\\\/fr\\\/mario-schifano-et-jean-michel-basquiat\\\/#primaryimage\"},\"thumbnailUrl\":\"https:\\\/\\\/egidimadeinitaly.com\\\/v25\\\/wp-content\\\/uploads\\\/2023\\\/07\\\/Basquiat.jpg\",\"keywords\":[\"Ecole de Piazza del Popolo\",\"Mario Schifano\"],\"articleSection\":[\"Magazine\"],\"inLanguage\":\"fr-FR\"},{\"@type\":\"WebPage\",\"@id\":\"https:\\\/\\\/egidimadeinitaly.com\\\/fr\\\/mario-schifano-et-jean-michel-basquiat\\\/\",\"url\":\"https:\\\/\\\/egidimadeinitaly.com\\\/fr\\\/mario-schifano-et-jean-michel-basquiat\\\/\",\"name\":\"Mario Schifano et Basquiat - Egidi MadeinItaly\",\"isPartOf\":{\"@id\":\"https:\\\/\\\/egidimadeinitaly.com\\\/fr\\\/#website\"},\"primaryImageOfPage\":{\"@id\":\"https:\\\/\\\/egidimadeinitaly.com\\\/fr\\\/mario-schifano-et-jean-michel-basquiat\\\/#primaryimage\"},\"image\":{\"@id\":\"https:\\\/\\\/egidimadeinitaly.com\\\/fr\\\/mario-schifano-et-jean-michel-basquiat\\\/#primaryimage\"},\"thumbnailUrl\":\"https:\\\/\\\/egidimadeinitaly.com\\\/v25\\\/wp-content\\\/uploads\\\/2023\\\/07\\\/Basquiat.jpg\",\"datePublished\":\"2023-07-28T18:53:02+00:00\",\"dateModified\":\"2025-11-03T15:19:34+00:00\",\"author\":{\"@id\":\"https:\\\/\\\/egidimadeinitaly.com\\\/fr\\\/#\\\/schema\\\/person\\\/6723cc7bd1bded901c15c844a8ad09ac\"},\"description\":\"Mario Schifano et Basquiat ont en commun la ville de Mod\u00e8ne et le grand marchand d'art Emilio Mazzoli, apprenez-en plus sur Egidi MadeinItaly\",\"breadcrumb\":{\"@id\":\"https:\\\/\\\/egidimadeinitaly.com\\\/fr\\\/mario-schifano-et-jean-michel-basquiat\\\/#breadcrumb\"},\"inLanguage\":\"fr-FR\",\"potentialAction\":[{\"@type\":\"ReadAction\",\"target\":[\"https:\\\/\\\/egidimadeinitaly.com\\\/fr\\\/mario-schifano-et-jean-michel-basquiat\\\/\"]}]},{\"@type\":\"ImageObject\",\"inLanguage\":\"fr-FR\",\"@id\":\"https:\\\/\\\/egidimadeinitaly.com\\\/fr\\\/mario-schifano-et-jean-michel-basquiat\\\/#primaryimage\",\"url\":\"https:\\\/\\\/egidimadeinitaly.com\\\/v25\\\/wp-content\\\/uploads\\\/2023\\\/07\\\/Basquiat.jpg\",\"contentUrl\":\"https:\\\/\\\/egidimadeinitaly.com\\\/v25\\\/wp-content\\\/uploads\\\/2023\\\/07\\\/Basquiat.jpg\",\"width\":620,\"height\":388,\"caption\":\"Mario Schifano et Jean-Michel Basquiat\"},{\"@type\":\"BreadcrumbList\",\"@id\":\"https:\\\/\\\/egidimadeinitaly.com\\\/fr\\\/mario-schifano-et-jean-michel-basquiat\\\/#breadcrumb\",\"itemListElement\":[{\"@type\":\"ListItem\",\"position\":1,\"name\":\"Home\",\"item\":\"https:\\\/\\\/egidimadeinitaly.com\\\/fr\\\/\"},{\"@type\":\"ListItem\",\"position\":2,\"name\":\"Magazine\",\"item\":\"https:\\\/\\\/egidimadeinitaly.com\\\/fr\\\/category\\\/magazine-fr\\\/\"},{\"@type\":\"ListItem\",\"position\":3,\"name\":\"Mario Schifano et Basquiat\"}]},{\"@type\":\"WebSite\",\"@id\":\"https:\\\/\\\/egidimadeinitaly.com\\\/fr\\\/#website\",\"url\":\"https:\\\/\\\/egidimadeinitaly.com\\\/fr\\\/\",\"name\":\"Egidi MadeinItaly\",\"description\":\"Fine Art\",\"potentialAction\":[{\"@type\":\"SearchAction\",\"target\":{\"@type\":\"EntryPoint\",\"urlTemplate\":\"https:\\\/\\\/egidimadeinitaly.com\\\/fr\\\/?s={search_term_string}\"},\"query-input\":{\"@type\":\"PropertyValueSpecification\",\"valueRequired\":true,\"valueName\":\"search_term_string\"}}],\"inLanguage\":\"fr-FR\"},{\"@type\":\"Person\",\"@id\":\"https:\\\/\\\/egidimadeinitaly.com\\\/fr\\\/#\\\/schema\\\/person\\\/6723cc7bd1bded901c15c844a8ad09ac\",\"name\":\"Sabrina Egidi\",\"image\":{\"@type\":\"ImageObject\",\"inLanguage\":\"fr-FR\",\"@id\":\"https:\\\/\\\/secure.gravatar.com\\\/avatar\\\/a40fdbc55bf918bb816497bc3c90e4c5c27f15a4085cd750f2c78f47ae05c7d1?s=96&d=mm&r=g\",\"url\":\"https:\\\/\\\/secure.gravatar.com\\\/avatar\\\/a40fdbc55bf918bb816497bc3c90e4c5c27f15a4085cd750f2c78f47ae05c7d1?s=96&d=mm&r=g\",\"contentUrl\":\"https:\\\/\\\/secure.gravatar.com\\\/avatar\\\/a40fdbc55bf918bb816497bc3c90e4c5c27f15a4085cd750f2c78f47ae05c7d1?s=96&d=mm&r=g\",\"caption\":\"Sabrina Egidi\"}}]}<\/script>\n<!-- \/ Yoast SEO Premium plugin. -->","yoast_head_json":{"title":"Mario Schifano et Basquiat - Egidi MadeinItaly","description":"Mario Schifano et Basquiat ont en commun la ville de Mod\u00e8ne et le grand marchand d'art Emilio Mazzoli, apprenez-en plus sur Egidi MadeinItaly","robots":{"index":"index","follow":"follow","max-snippet":"max-snippet:-1","max-image-preview":"max-image-preview:large","max-video-preview":"max-video-preview:-1"},"canonical":"https:\/\/egidimadeinitaly.com\/fr\/mario-schifano-et-jean-michel-basquiat\/","og_locale":"fr_FR","og_type":"article","og_title":"Mario Schifano et Basquiat","og_description":"Mario Schifano et Basquiat Quels sont les points communs entre Mario Schifano et Jean-Michel Basquiat ?\u00a0 Les deux artistes, l'un romain et l'autre","og_url":"https:\/\/egidimadeinitaly.com\/fr\/mario-schifano-et-jean-michel-basquiat\/","og_site_name":"Egidi MadeinItaly","article_publisher":"https:\/\/www.facebook.com\/egidimadeinitaly\/","article_published_time":"2023-07-28T18:53:02+00:00","article_modified_time":"2025-11-03T15:19:34+00:00","og_image":[{"width":620,"height":388,"url":"https:\/\/egidimadeinitaly.com\/v25\/wp-content\/uploads\/2023\/07\/Basquiat.jpg","type":"image\/jpeg"}],"author":"Sabrina Egidi","schema":{"@context":"https:\/\/schema.org","@graph":[{"@type":"Article","@id":"https:\/\/egidimadeinitaly.com\/fr\/mario-schifano-et-jean-michel-basquiat\/#article","isPartOf":{"@id":"https:\/\/egidimadeinitaly.com\/fr\/mario-schifano-et-jean-michel-basquiat\/"},"author":{"name":"Sabrina Egidi","@id":"https:\/\/egidimadeinitaly.com\/fr\/#\/schema\/person\/6723cc7bd1bded901c15c844a8ad09ac"},"headline":"Mario Schifano et Basquiat","datePublished":"2023-07-28T18:53:02+00:00","dateModified":"2025-11-03T15:19:34+00:00","mainEntityOfPage":{"@id":"https:\/\/egidimadeinitaly.com\/fr\/mario-schifano-et-jean-michel-basquiat\/"},"wordCount":284,"image":{"@id":"https:\/\/egidimadeinitaly.com\/fr\/mario-schifano-et-jean-michel-basquiat\/#primaryimage"},"thumbnailUrl":"https:\/\/egidimadeinitaly.com\/v25\/wp-content\/uploads\/2023\/07\/Basquiat.jpg","keywords":["Ecole de Piazza del Popolo","Mario Schifano"],"articleSection":["Magazine"],"inLanguage":"fr-FR"},{"@type":"WebPage","@id":"https:\/\/egidimadeinitaly.com\/fr\/mario-schifano-et-jean-michel-basquiat\/","url":"https:\/\/egidimadeinitaly.com\/fr\/mario-schifano-et-jean-michel-basquiat\/","name":"Mario Schifano et Basquiat - Egidi MadeinItaly","isPartOf":{"@id":"https:\/\/egidimadeinitaly.com\/fr\/#website"},"primaryImageOfPage":{"@id":"https:\/\/egidimadeinitaly.com\/fr\/mario-schifano-et-jean-michel-basquiat\/#primaryimage"},"image":{"@id":"https:\/\/egidimadeinitaly.com\/fr\/mario-schifano-et-jean-michel-basquiat\/#primaryimage"},"thumbnailUrl":"https:\/\/egidimadeinitaly.com\/v25\/wp-content\/uploads\/2023\/07\/Basquiat.jpg","datePublished":"2023-07-28T18:53:02+00:00","dateModified":"2025-11-03T15:19:34+00:00","author":{"@id":"https:\/\/egidimadeinitaly.com\/fr\/#\/schema\/person\/6723cc7bd1bded901c15c844a8ad09ac"},"description":"Mario Schifano et Basquiat ont en commun la ville de Mod\u00e8ne et le grand marchand d'art Emilio Mazzoli, apprenez-en plus sur Egidi MadeinItaly","breadcrumb":{"@id":"https:\/\/egidimadeinitaly.com\/fr\/mario-schifano-et-jean-michel-basquiat\/#breadcrumb"},"inLanguage":"fr-FR","potentialAction":[{"@type":"ReadAction","target":["https:\/\/egidimadeinitaly.com\/fr\/mario-schifano-et-jean-michel-basquiat\/"]}]},{"@type":"ImageObject","inLanguage":"fr-FR","@id":"https:\/\/egidimadeinitaly.com\/fr\/mario-schifano-et-jean-michel-basquiat\/#primaryimage","url":"https:\/\/egidimadeinitaly.com\/v25\/wp-content\/uploads\/2023\/07\/Basquiat.jpg","contentUrl":"https:\/\/egidimadeinitaly.com\/v25\/wp-content\/uploads\/2023\/07\/Basquiat.jpg","width":620,"height":388,"caption":"Mario Schifano et Jean-Michel Basquiat"},{"@type":"BreadcrumbList","@id":"https:\/\/egidimadeinitaly.com\/fr\/mario-schifano-et-jean-michel-basquiat\/#breadcrumb","itemListElement":[{"@type":"ListItem","position":1,"name":"Home","item":"https:\/\/egidimadeinitaly.com\/fr\/"},{"@type":"ListItem","position":2,"name":"Magazine","item":"https:\/\/egidimadeinitaly.com\/fr\/category\/magazine-fr\/"},{"@type":"ListItem","position":3,"name":"Mario Schifano et Basquiat"}]},{"@type":"WebSite","@id":"https:\/\/egidimadeinitaly.com\/fr\/#website","url":"https:\/\/egidimadeinitaly.com\/fr\/","name":"Egidi MadeinItaly","description":"Fine Art","potentialAction":[{"@type":"SearchAction","target":{"@type":"EntryPoint","urlTemplate":"https:\/\/egidimadeinitaly.com\/fr\/?s={search_term_string}"},"query-input":{"@type":"PropertyValueSpecification","valueRequired":true,"valueName":"search_term_string"}}],"inLanguage":"fr-FR"},{"@type":"Person","@id":"https:\/\/egidimadeinitaly.com\/fr\/#\/schema\/person\/6723cc7bd1bded901c15c844a8ad09ac","name":"Sabrina Egidi","image":{"@type":"ImageObject","inLanguage":"fr-FR","@id":"https:\/\/secure.gravatar.com\/avatar\/a40fdbc55bf918bb816497bc3c90e4c5c27f15a4085cd750f2c78f47ae05c7d1?s=96&d=mm&r=g","url":"https:\/\/secure.gravatar.com\/avatar\/a40fdbc55bf918bb816497bc3c90e4c5c27f15a4085cd750f2c78f47ae05c7d1?s=96&d=mm&r=g","contentUrl":"https:\/\/secure.gravatar.com\/avatar\/a40fdbc55bf918bb816497bc3c90e4c5c27f15a4085cd750f2c78f47ae05c7d1?s=96&d=mm&r=g","caption":"Sabrina Egidi"}}]}},"_links":{"self":[{"href":"https:\/\/egidimadeinitaly.com\/fr\/wp-json\/wp\/v2\/posts\/116342","targetHints":{"allow":["GET"]}}],"collection":[{"href":"https:\/\/egidimadeinitaly.com\/fr\/wp-json\/wp\/v2\/posts"}],"about":[{"href":"https:\/\/egidimadeinitaly.com\/fr\/wp-json\/wp\/v2\/types\/post"}],"author":[{"embeddable":true,"href":"https:\/\/egidimadeinitaly.com\/fr\/wp-json\/wp\/v2\/users\/9"}],"replies":[{"embeddable":true,"href":"https:\/\/egidimadeinitaly.com\/fr\/wp-json\/wp\/v2\/comments?post=116342"}],"version-history":[{"count":9,"href":"https:\/\/egidimadeinitaly.com\/fr\/wp-json\/wp\/v2\/posts\/116342\/revisions"}],"predecessor-version":[{"id":126065,"href":"https:\/\/egidimadeinitaly.com\/fr\/wp-json\/wp\/v2\/posts\/116342\/revisions\/126065"}],"wp:featuredmedia":[{"embeddable":true,"href":"https:\/\/egidimadeinitaly.com\/fr\/wp-json\/wp\/v2\/media\/116334"}],"wp:attachment":[{"href":"https:\/\/egidimadeinitaly.com\/fr\/wp-json\/wp\/v2\/media?parent=116342"}],"wp:term":[{"taxonomy":"category","embeddable":true,"href":"https:\/\/egidimadeinitaly.com\/fr\/wp-json\/wp\/v2\/categories?post=116342"},{"taxonomy":"post_tag","embeddable":true,"href":"https:\/\/egidimadeinitaly.com\/fr\/wp-json\/wp\/v2\/tags?post=116342"}],"curies":[{"name":"wp","href":"https:\/\/api.w.org\/{rel}","templated":true}]}}