{"id":115164,"date":"2023-05-05T11:45:31","date_gmt":"2023-05-05T10:45:31","guid":{"rendered":"https:\/\/egidimadeinitaly.com\/ecomsite\/?p=115164"},"modified":"2025-10-30T16:34:37","modified_gmt":"2025-10-30T15:34:37","slug":"galerie-de-rome","status":"publish","type":"post","link":"https:\/\/egidimadeinitaly.com\/fr\/galerie-de-rome\/","title":{"rendered":"Galerie de Rome"},"content":{"rendered":"<h1>Galerie de Rome<\/h1>\n<p>La <strong>galerie de Rome<\/strong> est ouverte au 7 via Veneto en 1930, dans le m\u00eame Palais Copped\u00e8 que la Conf\u00e9d\u00e9ration des professionnels et des artistes et \u00e0 deux pas du Minist\u00e8re des Corporations.<\/p>\n<figure id=\"attachment_115226\" aria-describedby=\"caption-attachment-115226\" style=\"width: 300px\" class=\"wp-caption aligncenter\"><img decoding=\"async\" class=\"wp-image-115226 size-medium\" src=\"https:\/\/egidimadeinitaly.com\/v25\/wp-content\/uploads\/2023\/05\/Galleria-di-Roma-inaugurazione-300x205.jpg\" alt=\"Galleria di Roma i\" width=\"300\" height=\"205\" srcset=\"https:\/\/egidimadeinitaly.com\/v25\/wp-content\/uploads\/2023\/05\/Galleria-di-Roma-inaugurazione-300x205.jpg 300w, https:\/\/egidimadeinitaly.com\/v25\/wp-content\/uploads\/2023\/05\/Galleria-di-Roma-inaugurazione.jpg 450w\" sizes=\"(max-width: 300px) 100vw, 300px\" \/><figcaption id=\"caption-attachment-115226\" class=\"wp-caption-text\">Galleria di Roma<\/figcaption><\/figure>\n<p>Son directeur est <em>Pier Maria Bardi<\/em>, d\u00e9j\u00e0 actif en tant que galeriste \u00e0 Milan, auquel se joint <strong>Cipriano Efisio Oppo<\/strong>, dans l&rsquo;intention de cr\u00e9er un centre qualifi\u00e9, mais pas trop rev\u00eatu d&rsquo;un caract\u00e8re officiel, indicateur des jeunes forces de la peinture nationale qui peuvent en m\u00eame temps s&rsquo;ouvrir \u00e0 l&rsquo;avant-garde \u00e9trang\u00e8re.<\/p>\n<p><strong>Cipriano Efisio Oppo<\/strong> fait pression sur Mussolini, le convaincant qu&rsquo;avec la Quadriennale, une galerie d&rsquo;art financ\u00e9e avec la contribution de la Conf\u00e9d\u00e9ration nationale, couronnerait le dessein de faire de Rome le lieu de rencontre et de rassemblement des \u00e9nergies nationales.<\/p>\n<figure id=\"attachment_115220\" aria-describedby=\"caption-attachment-115220\" style=\"width: 300px\" class=\"wp-caption aligncenter\"><img decoding=\"async\" class=\"size-medium wp-image-115220\" src=\"https:\/\/egidimadeinitaly.com\/v25\/wp-content\/uploads\/2023\/05\/Cipriano-Efisio-Oppo-Le-castagne-1942-1-scaled-e1683884361220-300x225.jpg\" alt=\"Galerie de Rome sur Egidi MadeinItaly\" width=\"300\" height=\"225\" srcset=\"https:\/\/egidimadeinitaly.com\/v25\/wp-content\/uploads\/2023\/05\/Cipriano-Efisio-Oppo-Le-castagne-1942-1-scaled-e1683884361220-300x225.jpg 300w, https:\/\/egidimadeinitaly.com\/v25\/wp-content\/uploads\/2023\/05\/Cipriano-Efisio-Oppo-Le-castagne-1942-1-scaled-e1683884361220-768x576.jpg 768w, https:\/\/egidimadeinitaly.com\/v25\/wp-content\/uploads\/2023\/05\/Cipriano-Efisio-Oppo-Le-castagne-1942-1-scaled-e1683884361220-600x450.jpg 600w, https:\/\/egidimadeinitaly.com\/v25\/wp-content\/uploads\/2023\/05\/Cipriano-Efisio-Oppo-Le-castagne-1942-1-scaled-e1683884361220.jpg 900w\" sizes=\"(max-width: 300px) 100vw, 300px\" \/><figcaption id=\"caption-attachment-115220\" class=\"wp-caption-text\">Cipriano Efisio Oppo Le castagne 1942<\/figcaption><\/figure>\n<p>C&rsquo;est ainsi que na\u00eet la galerie d&rsquo;art de Rome, dont Mussolini devient le m\u00e9c\u00e8ne, en offrant un financement personnel \u00e0 fond perdu de cent mille lires.<\/p>\n<p>La premi\u00e8re exposition est une r\u00e9trospective d&rsquo;<strong>Armando Spadini<\/strong>, suivie en novembre 1930 par celle des jeunes <a href=\"https:\/\/egidimadeinitaly.com\/fr\/artisti\/mario-mafai\/\" target=\"_blank\" rel=\"noopener\">Mario Mafai<\/a> et <a href=\"https:\/\/egidimadeinitaly.com\/fr\/artisti\/scipione\/\" target=\"_blank\" rel=\"noopener\">Scipione<\/a>, qui remporte un grand succ\u00e8s aupr\u00e8s de la critique et du public.<\/p>\n<p>En 1933, Bardi interrompt son activit\u00e9 et dirige \u00ab Quadrante \u00bb, l&rsquo;organe litt\u00e9raire de l&rsquo;architecture rationaliste italienne.<\/p>\n<div id='gallery-1' class='gallery galleryid-115164 gallery-columns-2 gallery-size-thumbnail'><figure class='gallery-item'>\n\t\t\t<div class='gallery-icon portrait'>\n\t\t\t\t<a href='https:\/\/egidimadeinitaly.com\/fr\/galerie-de-rome\/francesco-menzio-testa-di-donna-1933-2-2\/'><img decoding=\"async\" width=\"150\" height=\"150\" src=\"https:\/\/egidimadeinitaly.com\/v25\/wp-content\/uploads\/2023\/05\/Francesco-Menzio-Testa-di-donna-1933-1-scaled-e1683884336388-150x150.jpg\" class=\"attachment-thumbnail size-thumbnail\" alt=\"Galerie de Rome sur Egidi MadeinItaly\" aria-describedby=\"gallery-1-115223\" srcset=\"https:\/\/egidimadeinitaly.com\/v25\/wp-content\/uploads\/2023\/05\/Francesco-Menzio-Testa-di-donna-1933-1-scaled-e1683884336388-150x150.jpg 150w, https:\/\/egidimadeinitaly.com\/v25\/wp-content\/uploads\/2023\/05\/Francesco-Menzio-Testa-di-donna-1933-1-scaled-e1683884336388-300x300.jpg 300w, https:\/\/egidimadeinitaly.com\/v25\/wp-content\/uploads\/2023\/05\/Francesco-Menzio-Testa-di-donna-1933-1-scaled-e1683884336388-100x100.jpg 100w\" sizes=\"(max-width: 150px) 100vw, 150px\" \/><\/a>\n\t\t\t<\/div>\n\t\t\t\t<figcaption class='wp-caption-text gallery-caption' id='gallery-1-115223'>\n\t\t\t\tFrancesco Menzio Testa di donna 1933\n\t\t\t\t<\/figcaption><\/figure><figure class='gallery-item'>\n\t\t\t<div class='gallery-icon portrait'>\n\t\t\t\t<a href='https:\/\/egidimadeinitaly.com\/fr\/galerie-de-rome\/carlo-levi-giovane-donna-1934-2-2\/'><img decoding=\"async\" width=\"150\" height=\"150\" src=\"https:\/\/egidimadeinitaly.com\/v25\/wp-content\/uploads\/2023\/05\/Carlo-Levi-Giovane-donna-1934-1-scaled-e1683884383169-150x150.jpg\" class=\"attachment-thumbnail size-thumbnail\" alt=\"Galerie de Rome sur Egidi MadeinItaly\" aria-describedby=\"gallery-1-115217\" srcset=\"https:\/\/egidimadeinitaly.com\/v25\/wp-content\/uploads\/2023\/05\/Carlo-Levi-Giovane-donna-1934-1-scaled-e1683884383169-150x150.jpg 150w, https:\/\/egidimadeinitaly.com\/v25\/wp-content\/uploads\/2023\/05\/Carlo-Levi-Giovane-donna-1934-1-scaled-e1683884383169-300x300.jpg 300w, https:\/\/egidimadeinitaly.com\/v25\/wp-content\/uploads\/2023\/05\/Carlo-Levi-Giovane-donna-1934-1-scaled-e1683884383169-100x100.jpg 100w\" sizes=\"(max-width: 150px) 100vw, 150px\" \/><\/a>\n\t\t\t<\/div>\n\t\t\t\t<figcaption class='wp-caption-text gallery-caption' id='gallery-1-115217'>\n\t\t\t\tCarlo Levi Giovane donna \n\t\t\t\t<\/figcaption><\/figure>\n\t\t<\/div>\n\n<p>En 1937, C. Pavolini, pr\u00e9sident de la Conf\u00e9d\u00e9ration des professionnels et des artistes, appelle pour les arts figuratifs, et Anton Giulio Bragaglia, pour le secteur th\u00e9\u00e2tral li\u00e9 \u00e0 l&rsquo;activit\u00e9 du Teatro delle Arti, \u00e0 diriger la Galerie de Rome r\u00e9nov\u00e9e, dans ses nouveaux locaux de la piazza Colonna.<\/p>\n<p>La galerie est inaugur\u00e9e le 2 juin 1937 et rend hommage \u00e0 seize artistes italiens (Boccioni, <a href=\"https:\/\/egidimadeinitaly.com\/fr\/produit\/art-moderne\/oeuvres-modernes-sur-papiers\/carlo-carra-dessin-au-crayon-sur-papier\/\" target=\"_blank\" rel=\"noopener\">Carlo Carr\u00e0<\/a>, Amedeo Modigliani, Felice Casorati, Giorgio de Chirico, Giorgio Morandi, <strong>Ferruccio Ferrazzi<\/strong>, <a href=\"https:\/\/egidimadeinitaly.com\/fr\/artisti\/arturo-martini\/arturo-martini-2\/\" target=\"_blank\" rel=\"noopener\">Arturo Martini<\/a>, Gino Severini, Mario Sironi).<\/p>\n<div id='gallery-2' class='gallery galleryid-115164 gallery-columns-2 gallery-size-thumbnail'><figure class='gallery-item'>\n\t\t\t<div class='gallery-icon portrait'>\n\t\t\t\t<a href='https:\/\/egidimadeinitaly.com\/fr\/galerie-de-rome\/arturo-martini-la-pisana-1933-2\/'><img decoding=\"async\" width=\"150\" height=\"150\" src=\"https:\/\/egidimadeinitaly.com\/v25\/wp-content\/uploads\/2023\/05\/Arturo-Martini-La-pisana-1933-scaled-e1683884733102-150x150.jpg\" class=\"attachment-thumbnail size-thumbnail\" alt=\"Galerie de Rome sur Egidi MadeinItaly\" aria-describedby=\"gallery-2-115199\" srcset=\"https:\/\/egidimadeinitaly.com\/v25\/wp-content\/uploads\/2023\/05\/Arturo-Martini-La-pisana-1933-scaled-e1683884733102-150x150.jpg 150w, https:\/\/egidimadeinitaly.com\/v25\/wp-content\/uploads\/2023\/05\/Arturo-Martini-La-pisana-1933-scaled-e1683884733102-300x300.jpg 300w, https:\/\/egidimadeinitaly.com\/v25\/wp-content\/uploads\/2023\/05\/Arturo-Martini-La-pisana-1933-scaled-e1683884733102-100x100.jpg 100w\" sizes=\"(max-width: 150px) 100vw, 150px\" \/><\/a>\n\t\t\t<\/div>\n\t\t\t\t<figcaption class='wp-caption-text gallery-caption' id='gallery-2-115199'>\n\t\t\t\tArturo Martini La pisana \n\t\t\t\t<\/figcaption><\/figure><figure class='gallery-item'>\n\t\t\t<div class='gallery-icon portrait'>\n\t\t\t\t<a href='https:\/\/egidimadeinitaly.com\/fr\/galerie-de-rome\/ferruccio-ferrazzi-pioggia-dautuno-2\/'><img decoding=\"async\" width=\"150\" height=\"150\" src=\"https:\/\/egidimadeinitaly.com\/v25\/wp-content\/uploads\/2023\/05\/Ferruccio-Ferrazzi-Pioggia-dautuno-scaled-e1683285503118-150x150.jpg\" class=\"attachment-thumbnail size-thumbnail\" alt=\"Galerie de Rome sur Egidi MadeinItaly\" aria-describedby=\"gallery-2-115202\" srcset=\"https:\/\/egidimadeinitaly.com\/v25\/wp-content\/uploads\/2023\/05\/Ferruccio-Ferrazzi-Pioggia-dautuno-scaled-e1683285503118-150x150.jpg 150w, https:\/\/egidimadeinitaly.com\/v25\/wp-content\/uploads\/2023\/05\/Ferruccio-Ferrazzi-Pioggia-dautuno-scaled-e1683285503118-300x300.jpg 300w, https:\/\/egidimadeinitaly.com\/v25\/wp-content\/uploads\/2023\/05\/Ferruccio-Ferrazzi-Pioggia-dautuno-scaled-e1683285503118-100x100.jpg 100w\" sizes=\"(max-width: 150px) 100vw, 150px\" \/><\/a>\n\t\t\t<\/div>\n\t\t\t\t<figcaption class='wp-caption-text gallery-caption' id='gallery-2-115202'>\n\t\t\t\tFerruccio Ferrazzi Pioggia d&rsquo;autuno\n\t\t\t\t<\/figcaption><\/figure>\n\t\t<\/div>\n\n<p>La galerie d\u00e9m\u00e9nage ensuite au Teatro delle Arti, dans la via Sicilia.<\/p>\n","protected":false},"excerpt":{"rendered":"<p>Galerie de Rome La galerie de Rome est ouverte au 7 via Veneto en 1930, dans le m\u00eame Palais Copped\u00e8 [&hellip;]<\/p>\n","protected":false},"author":9,"featured_media":115226,"comment_status":"closed","ping_status":"closed","sticky":false,"template":"","format":"standard","meta":{"_acf_changed":false,"footnotes":""},"categories":[1449],"tags":[6444,6325,6727],"class_list":["post-115164","post","type-post","status-publish","format-standard","has-post-thumbnail","hentry","category-magazine-fr","tag-art-moderne","tag-avant-gardes","tag-galeries-historiques-dart-moderne-rome"],"acf":[],"yoast_head":"<!-- This site is optimized with the Yoast SEO Premium plugin v27.4 (Yoast SEO v27.5) - https:\/\/yoast.com\/product\/yoast-seo-premium-wordpress\/ -->\n<title>Galerie de Rome - Egidi MadeinItaly<\/title>\n<meta name=\"description\" content=\"La Galerie de Rome a \u00e9t\u00e9 inaugur\u00e9e sur la Via Veneto \u00e0 Rome en 1937. Plus d&#039;informations sur Egidi MadeinItaly\" \/>\n<meta name=\"robots\" content=\"index, follow, max-snippet:-1, max-image-preview:large, max-video-preview:-1\" \/>\n<link rel=\"canonical\" href=\"https:\/\/egidimadeinitaly.com\/fr\/galerie-de-rome\/\" \/>\n<meta property=\"og:locale\" content=\"fr_FR\" \/>\n<meta property=\"og:type\" content=\"article\" \/>\n<meta property=\"og:title\" content=\"Galerie de Rome\" \/>\n<meta property=\"og:description\" content=\"Galerie de Rome La galerie de Rome est ouverte au 7 via Veneto en 1930, dans le m\u00eame Palais Copped\u00e8 que la Conf\u00e9d\u00e9ration des professionnels et des\" \/>\n<meta property=\"og:url\" content=\"https:\/\/egidimadeinitaly.com\/fr\/galerie-de-rome\/\" \/>\n<meta property=\"og:site_name\" content=\"Egidi MadeinItaly\" \/>\n<meta property=\"article:publisher\" content=\"https:\/\/www.facebook.com\/egidimadeinitaly\/\" \/>\n<meta property=\"article:published_time\" content=\"2023-05-05T10:45:31+00:00\" \/>\n<meta property=\"article:modified_time\" content=\"2025-10-30T15:34:37+00:00\" \/>\n<meta property=\"og:image\" content=\"https:\/\/egidimadeinitaly.com\/v25\/wp-content\/uploads\/2023\/05\/Galleria-di-Roma-inaugurazione.jpg\" \/>\n\t<meta property=\"og:image:width\" content=\"450\" \/>\n\t<meta property=\"og:image:height\" content=\"307\" \/>\n\t<meta property=\"og:image:type\" content=\"image\/jpeg\" \/>\n<meta name=\"author\" content=\"Sabrina Egidi\" \/>\n<script type=\"application\/ld+json\" class=\"yoast-schema-graph\">{\"@context\":\"https:\\\/\\\/schema.org\",\"@graph\":[{\"@type\":\"Article\",\"@id\":\"https:\\\/\\\/egidimadeinitaly.com\\\/fr\\\/galerie-de-rome\\\/#article\",\"isPartOf\":{\"@id\":\"https:\\\/\\\/egidimadeinitaly.com\\\/fr\\\/galerie-de-rome\\\/\"},\"author\":{\"name\":\"Sabrina Egidi\",\"@id\":\"https:\\\/\\\/egidimadeinitaly.com\\\/fr\\\/#\\\/schema\\\/person\\\/6723cc7bd1bded901c15c844a8ad09ac\"},\"headline\":\"Galerie de Rome\",\"datePublished\":\"2023-05-05T10:45:31+00:00\",\"dateModified\":\"2025-10-30T15:34:37+00:00\",\"mainEntityOfPage\":{\"@id\":\"https:\\\/\\\/egidimadeinitaly.com\\\/fr\\\/galerie-de-rome\\\/\"},\"wordCount\":354,\"image\":{\"@id\":\"https:\\\/\\\/egidimadeinitaly.com\\\/fr\\\/galerie-de-rome\\\/#primaryimage\"},\"thumbnailUrl\":\"https:\\\/\\\/egidimadeinitaly.com\\\/v25\\\/wp-content\\\/uploads\\\/2023\\\/05\\\/Galleria-di-Roma-inaugurazione.jpg\",\"keywords\":[\"Art moderne\",\"Avant-gardes\",\"galeries historiques d'art moderne rome\"],\"articleSection\":[\"Magazine\"],\"inLanguage\":\"fr-FR\"},{\"@type\":\"WebPage\",\"@id\":\"https:\\\/\\\/egidimadeinitaly.com\\\/fr\\\/galerie-de-rome\\\/\",\"url\":\"https:\\\/\\\/egidimadeinitaly.com\\\/fr\\\/galerie-de-rome\\\/\",\"name\":\"Galerie de Rome - Egidi MadeinItaly\",\"isPartOf\":{\"@id\":\"https:\\\/\\\/egidimadeinitaly.com\\\/fr\\\/#website\"},\"primaryImageOfPage\":{\"@id\":\"https:\\\/\\\/egidimadeinitaly.com\\\/fr\\\/galerie-de-rome\\\/#primaryimage\"},\"image\":{\"@id\":\"https:\\\/\\\/egidimadeinitaly.com\\\/fr\\\/galerie-de-rome\\\/#primaryimage\"},\"thumbnailUrl\":\"https:\\\/\\\/egidimadeinitaly.com\\\/v25\\\/wp-content\\\/uploads\\\/2023\\\/05\\\/Galleria-di-Roma-inaugurazione.jpg\",\"datePublished\":\"2023-05-05T10:45:31+00:00\",\"dateModified\":\"2025-10-30T15:34:37+00:00\",\"author\":{\"@id\":\"https:\\\/\\\/egidimadeinitaly.com\\\/fr\\\/#\\\/schema\\\/person\\\/6723cc7bd1bded901c15c844a8ad09ac\"},\"description\":\"La Galerie de Rome a \u00e9t\u00e9 inaugur\u00e9e sur la Via Veneto \u00e0 Rome en 1937. Plus d'informations sur Egidi MadeinItaly\",\"breadcrumb\":{\"@id\":\"https:\\\/\\\/egidimadeinitaly.com\\\/fr\\\/galerie-de-rome\\\/#breadcrumb\"},\"inLanguage\":\"fr-FR\",\"potentialAction\":[{\"@type\":\"ReadAction\",\"target\":[\"https:\\\/\\\/egidimadeinitaly.com\\\/fr\\\/galerie-de-rome\\\/\"]}]},{\"@type\":\"ImageObject\",\"inLanguage\":\"fr-FR\",\"@id\":\"https:\\\/\\\/egidimadeinitaly.com\\\/fr\\\/galerie-de-rome\\\/#primaryimage\",\"url\":\"https:\\\/\\\/egidimadeinitaly.com\\\/v25\\\/wp-content\\\/uploads\\\/2023\\\/05\\\/Galleria-di-Roma-inaugurazione.jpg\",\"contentUrl\":\"https:\\\/\\\/egidimadeinitaly.com\\\/v25\\\/wp-content\\\/uploads\\\/2023\\\/05\\\/Galleria-di-Roma-inaugurazione.jpg\",\"width\":450,\"height\":307,\"caption\":\"Galleria de Roma ouverture\"},{\"@type\":\"BreadcrumbList\",\"@id\":\"https:\\\/\\\/egidimadeinitaly.com\\\/fr\\\/galerie-de-rome\\\/#breadcrumb\",\"itemListElement\":[{\"@type\":\"ListItem\",\"position\":1,\"name\":\"Home\",\"item\":\"https:\\\/\\\/egidimadeinitaly.com\\\/fr\\\/\"},{\"@type\":\"ListItem\",\"position\":2,\"name\":\"Magazine\",\"item\":\"https:\\\/\\\/egidimadeinitaly.com\\\/fr\\\/category\\\/magazine-fr\\\/\"},{\"@type\":\"ListItem\",\"position\":3,\"name\":\"Galerie de Rome\"}]},{\"@type\":\"WebSite\",\"@id\":\"https:\\\/\\\/egidimadeinitaly.com\\\/fr\\\/#website\",\"url\":\"https:\\\/\\\/egidimadeinitaly.com\\\/fr\\\/\",\"name\":\"Egidi MadeinItaly\",\"description\":\"Fine Art\",\"potentialAction\":[{\"@type\":\"SearchAction\",\"target\":{\"@type\":\"EntryPoint\",\"urlTemplate\":\"https:\\\/\\\/egidimadeinitaly.com\\\/fr\\\/?s={search_term_string}\"},\"query-input\":{\"@type\":\"PropertyValueSpecification\",\"valueRequired\":true,\"valueName\":\"search_term_string\"}}],\"inLanguage\":\"fr-FR\"},{\"@type\":\"Person\",\"@id\":\"https:\\\/\\\/egidimadeinitaly.com\\\/fr\\\/#\\\/schema\\\/person\\\/6723cc7bd1bded901c15c844a8ad09ac\",\"name\":\"Sabrina Egidi\",\"image\":{\"@type\":\"ImageObject\",\"inLanguage\":\"fr-FR\",\"@id\":\"https:\\\/\\\/secure.gravatar.com\\\/avatar\\\/a40fdbc55bf918bb816497bc3c90e4c5c27f15a4085cd750f2c78f47ae05c7d1?s=96&d=mm&r=g\",\"url\":\"https:\\\/\\\/secure.gravatar.com\\\/avatar\\\/a40fdbc55bf918bb816497bc3c90e4c5c27f15a4085cd750f2c78f47ae05c7d1?s=96&d=mm&r=g\",\"contentUrl\":\"https:\\\/\\\/secure.gravatar.com\\\/avatar\\\/a40fdbc55bf918bb816497bc3c90e4c5c27f15a4085cd750f2c78f47ae05c7d1?s=96&d=mm&r=g\",\"caption\":\"Sabrina Egidi\"}}]}<\/script>\n<!-- \/ Yoast SEO Premium plugin. -->","yoast_head_json":{"title":"Galerie de Rome - Egidi MadeinItaly","description":"La Galerie de Rome a \u00e9t\u00e9 inaugur\u00e9e sur la Via Veneto \u00e0 Rome en 1937. Plus d'informations sur Egidi MadeinItaly","robots":{"index":"index","follow":"follow","max-snippet":"max-snippet:-1","max-image-preview":"max-image-preview:large","max-video-preview":"max-video-preview:-1"},"canonical":"https:\/\/egidimadeinitaly.com\/fr\/galerie-de-rome\/","og_locale":"fr_FR","og_type":"article","og_title":"Galerie de Rome","og_description":"Galerie de Rome La galerie de Rome est ouverte au 7 via Veneto en 1930, dans le m\u00eame Palais Copped\u00e8 que la Conf\u00e9d\u00e9ration des professionnels et des","og_url":"https:\/\/egidimadeinitaly.com\/fr\/galerie-de-rome\/","og_site_name":"Egidi MadeinItaly","article_publisher":"https:\/\/www.facebook.com\/egidimadeinitaly\/","article_published_time":"2023-05-05T10:45:31+00:00","article_modified_time":"2025-10-30T15:34:37+00:00","og_image":[{"width":450,"height":307,"url":"https:\/\/egidimadeinitaly.com\/v25\/wp-content\/uploads\/2023\/05\/Galleria-di-Roma-inaugurazione.jpg","type":"image\/jpeg"}],"author":"Sabrina Egidi","schema":{"@context":"https:\/\/schema.org","@graph":[{"@type":"Article","@id":"https:\/\/egidimadeinitaly.com\/fr\/galerie-de-rome\/#article","isPartOf":{"@id":"https:\/\/egidimadeinitaly.com\/fr\/galerie-de-rome\/"},"author":{"name":"Sabrina Egidi","@id":"https:\/\/egidimadeinitaly.com\/fr\/#\/schema\/person\/6723cc7bd1bded901c15c844a8ad09ac"},"headline":"Galerie de Rome","datePublished":"2023-05-05T10:45:31+00:00","dateModified":"2025-10-30T15:34:37+00:00","mainEntityOfPage":{"@id":"https:\/\/egidimadeinitaly.com\/fr\/galerie-de-rome\/"},"wordCount":354,"image":{"@id":"https:\/\/egidimadeinitaly.com\/fr\/galerie-de-rome\/#primaryimage"},"thumbnailUrl":"https:\/\/egidimadeinitaly.com\/v25\/wp-content\/uploads\/2023\/05\/Galleria-di-Roma-inaugurazione.jpg","keywords":["Art moderne","Avant-gardes","galeries historiques d'art moderne rome"],"articleSection":["Magazine"],"inLanguage":"fr-FR"},{"@type":"WebPage","@id":"https:\/\/egidimadeinitaly.com\/fr\/galerie-de-rome\/","url":"https:\/\/egidimadeinitaly.com\/fr\/galerie-de-rome\/","name":"Galerie de Rome - Egidi MadeinItaly","isPartOf":{"@id":"https:\/\/egidimadeinitaly.com\/fr\/#website"},"primaryImageOfPage":{"@id":"https:\/\/egidimadeinitaly.com\/fr\/galerie-de-rome\/#primaryimage"},"image":{"@id":"https:\/\/egidimadeinitaly.com\/fr\/galerie-de-rome\/#primaryimage"},"thumbnailUrl":"https:\/\/egidimadeinitaly.com\/v25\/wp-content\/uploads\/2023\/05\/Galleria-di-Roma-inaugurazione.jpg","datePublished":"2023-05-05T10:45:31+00:00","dateModified":"2025-10-30T15:34:37+00:00","author":{"@id":"https:\/\/egidimadeinitaly.com\/fr\/#\/schema\/person\/6723cc7bd1bded901c15c844a8ad09ac"},"description":"La Galerie de Rome a \u00e9t\u00e9 inaugur\u00e9e sur la Via Veneto \u00e0 Rome en 1937. Plus d'informations sur Egidi MadeinItaly","breadcrumb":{"@id":"https:\/\/egidimadeinitaly.com\/fr\/galerie-de-rome\/#breadcrumb"},"inLanguage":"fr-FR","potentialAction":[{"@type":"ReadAction","target":["https:\/\/egidimadeinitaly.com\/fr\/galerie-de-rome\/"]}]},{"@type":"ImageObject","inLanguage":"fr-FR","@id":"https:\/\/egidimadeinitaly.com\/fr\/galerie-de-rome\/#primaryimage","url":"https:\/\/egidimadeinitaly.com\/v25\/wp-content\/uploads\/2023\/05\/Galleria-di-Roma-inaugurazione.jpg","contentUrl":"https:\/\/egidimadeinitaly.com\/v25\/wp-content\/uploads\/2023\/05\/Galleria-di-Roma-inaugurazione.jpg","width":450,"height":307,"caption":"Galleria de Roma ouverture"},{"@type":"BreadcrumbList","@id":"https:\/\/egidimadeinitaly.com\/fr\/galerie-de-rome\/#breadcrumb","itemListElement":[{"@type":"ListItem","position":1,"name":"Home","item":"https:\/\/egidimadeinitaly.com\/fr\/"},{"@type":"ListItem","position":2,"name":"Magazine","item":"https:\/\/egidimadeinitaly.com\/fr\/category\/magazine-fr\/"},{"@type":"ListItem","position":3,"name":"Galerie de Rome"}]},{"@type":"WebSite","@id":"https:\/\/egidimadeinitaly.com\/fr\/#website","url":"https:\/\/egidimadeinitaly.com\/fr\/","name":"Egidi MadeinItaly","description":"Fine Art","potentialAction":[{"@type":"SearchAction","target":{"@type":"EntryPoint","urlTemplate":"https:\/\/egidimadeinitaly.com\/fr\/?s={search_term_string}"},"query-input":{"@type":"PropertyValueSpecification","valueRequired":true,"valueName":"search_term_string"}}],"inLanguage":"fr-FR"},{"@type":"Person","@id":"https:\/\/egidimadeinitaly.com\/fr\/#\/schema\/person\/6723cc7bd1bded901c15c844a8ad09ac","name":"Sabrina Egidi","image":{"@type":"ImageObject","inLanguage":"fr-FR","@id":"https:\/\/secure.gravatar.com\/avatar\/a40fdbc55bf918bb816497bc3c90e4c5c27f15a4085cd750f2c78f47ae05c7d1?s=96&d=mm&r=g","url":"https:\/\/secure.gravatar.com\/avatar\/a40fdbc55bf918bb816497bc3c90e4c5c27f15a4085cd750f2c78f47ae05c7d1?s=96&d=mm&r=g","contentUrl":"https:\/\/secure.gravatar.com\/avatar\/a40fdbc55bf918bb816497bc3c90e4c5c27f15a4085cd750f2c78f47ae05c7d1?s=96&d=mm&r=g","caption":"Sabrina Egidi"}}]}},"_links":{"self":[{"href":"https:\/\/egidimadeinitaly.com\/fr\/wp-json\/wp\/v2\/posts\/115164","targetHints":{"allow":["GET"]}}],"collection":[{"href":"https:\/\/egidimadeinitaly.com\/fr\/wp-json\/wp\/v2\/posts"}],"about":[{"href":"https:\/\/egidimadeinitaly.com\/fr\/wp-json\/wp\/v2\/types\/post"}],"author":[{"embeddable":true,"href":"https:\/\/egidimadeinitaly.com\/fr\/wp-json\/wp\/v2\/users\/9"}],"replies":[{"embeddable":true,"href":"https:\/\/egidimadeinitaly.com\/fr\/wp-json\/wp\/v2\/comments?post=115164"}],"version-history":[{"count":7,"href":"https:\/\/egidimadeinitaly.com\/fr\/wp-json\/wp\/v2\/posts\/115164\/revisions"}],"predecessor-version":[{"id":125992,"href":"https:\/\/egidimadeinitaly.com\/fr\/wp-json\/wp\/v2\/posts\/115164\/revisions\/125992"}],"wp:featuredmedia":[{"embeddable":true,"href":"https:\/\/egidimadeinitaly.com\/fr\/wp-json\/wp\/v2\/media\/115226"}],"wp:attachment":[{"href":"https:\/\/egidimadeinitaly.com\/fr\/wp-json\/wp\/v2\/media?parent=115164"}],"wp:term":[{"taxonomy":"category","embeddable":true,"href":"https:\/\/egidimadeinitaly.com\/fr\/wp-json\/wp\/v2\/categories?post=115164"},{"taxonomy":"post_tag","embeddable":true,"href":"https:\/\/egidimadeinitaly.com\/fr\/wp-json\/wp\/v2\/tags?post=115164"}],"curies":[{"name":"wp","href":"https:\/\/api.w.org\/{rel}","templated":true}]}}