{"id":114523,"date":"2023-03-15T17:19:15","date_gmt":"2023-03-15T16:19:15","guid":{"rendered":"https:\/\/egidimadeinitaly.com\/ecomsite\/?p=114523"},"modified":"2025-10-30T16:33:39","modified_gmt":"2025-10-30T15:33:39","slug":"galleria-della-cometa","status":"publish","type":"post","link":"https:\/\/egidimadeinitaly.com\/fr\/galleria-della-cometa\/","title":{"rendered":"Galleria della Cometa"},"content":{"rendered":"<h1><b>Galleria della Cometa<\/b><\/h1>\n<p><span style=\"font-weight: 400;\">La <\/span><i><span style=\"font-weight: 400;\">Galleria della Cometa <\/span><\/i><span style=\"font-weight: 400;\">de la comtesse Pecci-Blunt\u00a0: trois ans d&rsquo;activit\u00e9 intense, trente-six expositions, un si\u00e8ge \u00e0 Rome et une succursale \u00e0 New York. La <\/span><i><span style=\"font-weight: 400;\">Galleria della Cometa<\/span><\/i><span style=\"font-weight: 400;\"> a m\u00eame influenc\u00e9 les choix des Biennales de Venise et des Quadriennales de Rome.<\/span><\/p>\n<h2>Les d\u00e9buts de la Galleria della Cometa<\/h2>\n<p><span style=\"font-weight: 400;\">C\u2019est en 1935 que la \u00ab <\/span><i><span style=\"font-weight: 400;\">Galleria della Cometa<\/span><\/i><span style=\"font-weight: 400;\"> \u00bb, commissionn\u00e9e par la comtesse Pecci-Blunt, ouvre ses portes \u00e0 Rome, dirig\u00e9e par <strong>Libero De Libero<\/strong>.<\/span><\/p>\n<p><span style=\"font-weight: 400;\">Elle tire son nom du blason du pape L\u00e9on XVIII qui figure \u00e9galement dans les armoiries de la famille Pecci.<\/span><\/p>\n<p><span style=\"font-weight: 400;\">Les locaux se composent de deux petites salles.<\/span><\/p>\n<h2>Inauguration de la Galleria della Cometa<\/h2>\n<p><span style=\"font-weight: 400;\">\u00a0La galerie est inaugur\u00e9e en avril 1935 avec une exposition personnelle de cinquante dessins de <strong>Corrado Cagli<\/strong>, pr\u00e9sent\u00e9e par Massimo Bontempelli.<\/span><\/p>\n<p><span style=\"font-weight: 400;\">Les expositions sont presque toujours pr\u00e9sent\u00e9es par des \u00e9crivains (Bontempelli, Ungaretti, <\/span><span style=\"font-weight: 400;\">Alvro<\/span><span style=\"font-weight: 400;\">, Scarfoglio, Cecchi, Solmi, De Libero, De Chirico, Savinio, Barilli, Soffici, Sinigalli, Moravia, <a href=\"https:\/\/egidimadeinitaly.com\/fr\/produit\/art-moderne\/oeuvres-modernes-sur-papiers\/carlo-carra-dessin-au-crayon-sur-papier\/\">Carlo Carr\u00e0<\/a>, Montale).<\/span><\/p>\n<h3>Expositions<\/h3>\n<p><span style=\"font-weight: 400;\">Parmi les expositions de la galerie, \u00e0 part celle de Corrado Cagli (1935), citons, en 1936, celles de Mirko, Corrado Cagli, Guglielmo Janni, <a href=\"https:\/\/egidimadeinitaly.com\/fr\/katy-castellucci\/\">Kate Castellucci<\/a>, <a href=\"https:\/\/egidimadeinitaly.com\/fr\/artistes\/adriana-pircherle\/\">Adriana Pincherle<\/a> et Roberto Melli.<\/span><\/p>\n<div id='gallery-1' class='gallery galleryid-114523 gallery-columns-3 gallery-size-medium'><figure class='gallery-item'>\n\t\t\t<div class='gallery-icon portrait'>\n\t\t\t\t<a href='https:\/\/egidimadeinitaly.com\/fr\/galleria-della-cometa\/ragazza-alla-finestra-katy-castellucci-2\/'><img decoding=\"async\" width=\"192\" height=\"300\" src=\"https:\/\/egidimadeinitaly.com\/v25\/wp-content\/uploads\/2023\/03\/Ragazza-alla-finestra-Katy-Castellucci-scaled-e1690722909651-192x300.jpg\" class=\"attachment-medium size-medium\" alt=\"Galleria della Cometa sur Egidi MadeinItaly\" aria-describedby=\"gallery-1-114503\" srcset=\"https:\/\/egidimadeinitaly.com\/v25\/wp-content\/uploads\/2023\/03\/Ragazza-alla-finestra-Katy-Castellucci-scaled-e1690722909651-192x300.jpg 192w, https:\/\/egidimadeinitaly.com\/v25\/wp-content\/uploads\/2023\/03\/Ragazza-alla-finestra-Katy-Castellucci-scaled-e1690722909651.jpg 513w\" sizes=\"(max-width: 192px) 100vw, 192px\" \/><\/a>\n\t\t\t<\/div>\n\t\t\t\t<figcaption class='wp-caption-text gallery-caption' id='gallery-1-114503'>\n\t\t\t\tRagazza alla finestra Katy Castellucci\n\t\t\t\t<\/figcaption><\/figure><figure class='gallery-item'>\n\t\t\t<div class='gallery-icon landscape'>\n\t\t\t\t<a href='https:\/\/egidimadeinitaly.com\/fr\/galleria-della-cometa\/nudo-con-scialle-adriana-pincherle-2\/'><img decoding=\"async\" width=\"300\" height=\"258\" src=\"https:\/\/egidimadeinitaly.com\/v25\/wp-content\/uploads\/2023\/03\/Nudo-con-scialle-Adriana-Pincherle-scaled-e1679503643693-300x258.jpg\" class=\"attachment-medium size-medium\" alt=\"Galleria della Cometa sur Egidi MadeinItaly\" aria-describedby=\"gallery-1-114497\" srcset=\"https:\/\/egidimadeinitaly.com\/v25\/wp-content\/uploads\/2023\/03\/Nudo-con-scialle-Adriana-Pincherle-scaled-e1679503643693-300x258.jpg 300w, https:\/\/egidimadeinitaly.com\/v25\/wp-content\/uploads\/2023\/03\/Nudo-con-scialle-Adriana-Pincherle-scaled-e1679503643693-768x660.jpg 768w, https:\/\/egidimadeinitaly.com\/v25\/wp-content\/uploads\/2023\/03\/Nudo-con-scialle-Adriana-Pincherle-scaled-e1679503643693-600x515.jpg 600w, https:\/\/egidimadeinitaly.com\/v25\/wp-content\/uploads\/2023\/03\/Nudo-con-scialle-Adriana-Pincherle-scaled-e1679503643693.jpg 900w\" sizes=\"(max-width: 300px) 100vw, 300px\" \/><\/a>\n\t\t\t<\/div>\n\t\t\t\t<figcaption class='wp-caption-text gallery-caption' id='gallery-1-114497'>\n\t\t\t\tNudo con scialle Adriana Pincherle\n\t\t\t\t<\/figcaption><\/figure><figure class='gallery-item'>\n\t\t\t<div class='gallery-icon portrait'>\n\t\t\t\t<a href='https:\/\/egidimadeinitaly.com\/fr\/galleria-della-cometa\/risveglio-estivo-roberto-melli-2\/'><img decoding=\"async\" width=\"169\" height=\"300\" src=\"https:\/\/egidimadeinitaly.com\/v25\/wp-content\/uploads\/2023\/03\/Risveglio-estivo-Roberto-Melli-scaled-e1679503554260-169x300.jpg\" class=\"attachment-medium size-medium\" alt=\"Galleria della Cometa sur Egidi MadeinItaly\" aria-describedby=\"gallery-1-114506\" srcset=\"https:\/\/egidimadeinitaly.com\/v25\/wp-content\/uploads\/2023\/03\/Risveglio-estivo-Roberto-Melli-scaled-e1679503554260-169x300.jpg 169w, https:\/\/egidimadeinitaly.com\/v25\/wp-content\/uploads\/2023\/03\/Risveglio-estivo-Roberto-Melli-scaled-e1679503554260.jpg 506w\" sizes=\"(max-width: 169px) 100vw, 169px\" \/><\/a>\n\t\t\t<\/div>\n\t\t\t\t<figcaption class='wp-caption-text gallery-caption' id='gallery-1-114506'>\n\t\t\t\tRisveglio estivo Roberto Melli\n\t\t\t\t<\/figcaption><\/figure>\n\t\t<\/div>\n\n<p><span style=\"font-weight: 400;\">En 1937, les expositions personnelles concernent Galassi, <a href=\"https:\/\/egidimadeinitaly.com\/fr\/la-collection-giacomo-manzu\/\">Giacomo Manz\u00f9<\/a>, Afro Basaldella, Carlo Levi, des dessins de Giorgio De Chirico, et en 1938, Pirandello, Tosi, des mosa\u00efques et des fresques de Gino Severini, <a href=\"https:\/\/egidimadeinitaly.com\/fr\/produit\/art-moderne\/oeuvres-modernes-sur-papiers\/renato-guttuso-babouin\/\">Renato Guttuso<\/a>, Francesco Messina, Paulucci, Montanarini.<\/span><\/p>\n<div id='gallery-2' class='gallery galleryid-114523 gallery-columns-3 gallery-size-medium'><figure class='gallery-item'>\n\t\t\t<div class='gallery-icon portrait'>\n\t\t\t\t<a href='https:\/\/egidimadeinitaly.com\/fr\/galleria-della-cometa\/la-finestra-coi-colombi-gino-severini-2\/'><img decoding=\"async\" width=\"227\" height=\"300\" src=\"https:\/\/egidimadeinitaly.com\/v25\/wp-content\/uploads\/2023\/03\/La-finestra-coi-colombi-Gino-Severini-scaled-e1679503709716-227x300.jpg\" class=\"attachment-medium size-medium\" alt=\"Galleria della Cometa sur Egidi MadeinItaly\" aria-describedby=\"gallery-2-114488\" srcset=\"https:\/\/egidimadeinitaly.com\/v25\/wp-content\/uploads\/2023\/03\/La-finestra-coi-colombi-Gino-Severini-scaled-e1679503709716-227x300.jpg 227w, https:\/\/egidimadeinitaly.com\/v25\/wp-content\/uploads\/2023\/03\/La-finestra-coi-colombi-Gino-Severini-scaled-e1679503709716-600x793.jpg 600w, https:\/\/egidimadeinitaly.com\/v25\/wp-content\/uploads\/2023\/03\/La-finestra-coi-colombi-Gino-Severini-scaled-e1679503709716.jpg 681w\" sizes=\"(max-width: 227px) 100vw, 227px\" \/><\/a>\n\t\t\t<\/div>\n\t\t\t\t<figcaption class='wp-caption-text gallery-caption' id='gallery-2-114488'>\n\t\t\t\tLa finestra coi colombi Gino Severini\n\t\t\t\t<\/figcaption><\/figure><figure class='gallery-item'>\n\t\t\t<div class='gallery-icon portrait'>\n\t\t\t\t<a href='https:\/\/egidimadeinitaly.com\/fr\/galleria-della-cometa\/maternita-gino-severini-2\/'><img decoding=\"async\" width=\"229\" height=\"300\" src=\"https:\/\/egidimadeinitaly.com\/v25\/wp-content\/uploads\/2023\/03\/Maternita-Gino-Severini-scaled-e1738684757676-229x300.jpg\" class=\"attachment-medium size-medium\" alt=\"Galleria della Cometa sur Egidi MadeinItaly\" aria-describedby=\"gallery-2-114494\" srcset=\"https:\/\/egidimadeinitaly.com\/v25\/wp-content\/uploads\/2023\/03\/Maternita-Gino-Severini-scaled-e1738684757676-229x300.jpg 229w, https:\/\/egidimadeinitaly.com\/v25\/wp-content\/uploads\/2023\/03\/Maternita-Gino-Severini-scaled-e1738684757676.jpg 498w\" sizes=\"(max-width: 229px) 100vw, 229px\" \/><\/a>\n\t\t\t<\/div>\n\t\t\t\t<figcaption class='wp-caption-text gallery-caption' id='gallery-2-114494'>\n\t\t\t\tMaternit\u00e0 Gino Severini\n\t\t\t\t<\/figcaption><\/figure><figure class='gallery-item'>\n\t\t\t<div class='gallery-icon portrait'>\n\t\t\t\t<a href='https:\/\/egidimadeinitaly.com\/fr\/galleria-della-cometa\/autoritratto-come-pittore-fausto-pirandello-2\/'><img decoding=\"async\" width=\"216\" height=\"300\" src=\"https:\/\/egidimadeinitaly.com\/v25\/wp-content\/uploads\/2023\/03\/Autoritratto-come-pittore-Fausto-Pirandello-scaled-e1679503756476-216x300.jpg\" class=\"attachment-medium size-medium\" alt=\"Galleria della Cometa sur Egidi MadeinItaly\" aria-describedby=\"gallery-2-114482\" srcset=\"https:\/\/egidimadeinitaly.com\/v25\/wp-content\/uploads\/2023\/03\/Autoritratto-come-pittore-Fausto-Pirandello-scaled-e1679503756476-216x300.jpg 216w, https:\/\/egidimadeinitaly.com\/v25\/wp-content\/uploads\/2023\/03\/Autoritratto-come-pittore-Fausto-Pirandello-scaled-e1679503756476-600x833.jpg 600w, https:\/\/egidimadeinitaly.com\/v25\/wp-content\/uploads\/2023\/03\/Autoritratto-come-pittore-Fausto-Pirandello-scaled-e1679503756476.jpg 648w\" sizes=\"(max-width: 216px) 100vw, 216px\" \/><\/a>\n\t\t\t<\/div>\n\t\t\t\t<figcaption class='wp-caption-text gallery-caption' id='gallery-2-114482'>\n\t\t\t\tAutoritratto come pittore Fausto Pirandello\n\t\t\t\t<\/figcaption><\/figure>\n\t\t<\/div>\n\n<h2>Mario Mafai<\/h2>\n<p><span style=\"font-weight: 400;\">Toujours en 1937, <a href=\"https:\/\/egidimadeinitaly.com\/fr\/artistes\/mario-mafai\/\">Mario Mafai<\/a> pr\u00e9sente une exposition personnelle o\u00f9 la s\u00e9rie Fleurs s\u00e9ch\u00e9es contraste avec les D\u00e9molitions de certains quartiers historiques de Rome.<\/span><\/p>\n<p><span style=\"font-weight: 400;\">L&rsquo;ann\u00e9e 1938 se termine par une exposition de cinquante dessins de <a href=\"https:\/\/egidimadeinitaly.com\/fr\/vincenzo-gemito-le-sculpteur-de-lame-napolitaine\/\">Vincenzo Gemito<\/a> provenant de la collection Minozzi.<\/span><\/p>\n<p><span style=\"font-weight: 400;\">Parmi les autres artistes pr\u00e9sent\u00e9s \u00e0 la<\/span><i><span style=\"font-weight: 400;\"> Galleria della Cometa<\/span><\/i><span style=\"font-weight: 400;\"> figurent Colacicchi,<strong> Francesco Menzio<\/strong>, Cesare Tallone, Sclavi et Martini.<\/span><\/p>\n<figure id=\"attachment_114518\" aria-describedby=\"caption-attachment-114518\" style=\"width: 169px\" class=\"wp-caption alignnone\"><img decoding=\"async\" class=\"size-medium wp-image-114518\" src=\"https:\/\/egidimadeinitaly.com\/v25\/wp-content\/uploads\/2023\/03\/Testa-di-donna-Francesco-Menzio-2-scaled-e1679503492158.jpg\" alt=\"Testa di donna Francesco Menzio\" width=\"169\" height=\"300\" srcset=\"https:\/\/egidimadeinitaly.com\/v25\/wp-content\/uploads\/2023\/03\/Testa-di-donna-Francesco-Menzio-2-scaled-e1679503492158.jpg 506w, https:\/\/egidimadeinitaly.com\/v25\/wp-content\/uploads\/2023\/03\/Testa-di-donna-Francesco-Menzio-2-scaled-e1679503492158-169x300.jpg 169w\" sizes=\"(max-width: 169px) 100vw, 169px\" \/><figcaption id=\"caption-attachment-114518\" class=\"wp-caption-text\">Testa di donna Francesco Menzio<\/figcaption><\/figure>\n<h3>La Galleria della Cometa \u00e0 New York<\/h3>\n<p><span style=\"font-weight: 400;\">Toujours en 1937, la<\/span><i><span style=\"font-weight: 400;\"> Galleria della Cometa<\/span><\/i><span style=\"font-weight: 400;\"> inaugure sa succursale new-yorkaise avec une exposition de peinture italienne qui sera suivie d&rsquo;expositions personnelles de Corrado Cagli, Mirko, Carlo Carr\u00e0, Filippo de Pisis, Gino Severini, Levi, Di Cocco et d&rsquo;une exposition sur le dessin italien contemporain.<\/span><\/p>\n<p><span style=\"font-weight: 400;\">La galerie ferme ses portes durant la seconde moiti\u00e9 de 1938.<\/span><\/p>\n<p>&nbsp;<\/p>\n<p>&nbsp;<\/p>\n<p>&nbsp;<\/p>\n<p>&nbsp;<\/p>\n<p>&nbsp;<\/p>\n","protected":false},"excerpt":{"rendered":"<p>Galleria della Cometa La Galleria della Cometa de la comtesse Pecci-Blunt\u00a0: trois ans d&rsquo;activit\u00e9 intense, trente-six expositions, un si\u00e8ge \u00e0 [&hellip;]<\/p>\n","protected":false},"author":9,"featured_media":114521,"comment_status":"closed","ping_status":"closed","sticky":false,"template":"","format":"standard","meta":{"_acf_changed":false,"footnotes":""},"categories":[1449],"tags":[6724,6727],"class_list":["post-114523","post","type-post","status-publish","format-standard","has-post-thumbnail","hentry","category-magazine-fr","tag-ecole-romaine","tag-galeries-historiques-dart-moderne-rome"],"acf":[],"yoast_head":"<!-- This site is optimized with the Yoast SEO Premium plugin v27.4 (Yoast SEO v27.5) - https:\/\/yoast.com\/product\/yoast-seo-premium-wordpress\/ -->\n<title>Galleria della Cometa - Egidi MadeinItaly<\/title>\n<meta name=\"description\" content=\"En 1935 la Galleria della Cometa ouvre ses portes \u00e0 Rome par la comtesse Pecci-Blunt et dirig\u00e9e par Libero de Libero.\" \/>\n<meta name=\"robots\" content=\"index, follow, max-snippet:-1, max-image-preview:large, max-video-preview:-1\" \/>\n<link rel=\"canonical\" href=\"https:\/\/egidimadeinitaly.com\/fr\/galleria-della-cometa\/\" \/>\n<meta property=\"og:locale\" content=\"fr_FR\" \/>\n<meta property=\"og:type\" content=\"article\" \/>\n<meta property=\"og:title\" content=\"Galleria della Cometa\" \/>\n<meta property=\"og:description\" content=\"Galleria della Cometa La Galleria della Cometa de la comtesse Pecci-Blunt\u00a0: trois ans d&#039;activit\u00e9 intense, trente-six expositions, un si\u00e8ge \u00e0 Rome et une\" \/>\n<meta property=\"og:url\" content=\"https:\/\/egidimadeinitaly.com\/fr\/galleria-della-cometa\/\" \/>\n<meta property=\"og:site_name\" content=\"Egidi MadeinItaly\" \/>\n<meta property=\"article:publisher\" content=\"https:\/\/www.facebook.com\/egidimadeinitaly\/\" \/>\n<meta property=\"article:published_time\" content=\"2023-03-15T16:19:15+00:00\" \/>\n<meta property=\"article:modified_time\" content=\"2025-10-30T15:33:39+00:00\" \/>\n<meta property=\"og:image\" content=\"https:\/\/egidimadeinitaly.com\/v25\/wp-content\/uploads\/2023\/03\/catalogo-mostra-Mario-Mafai-Galleria-della-Cometa-1937-e1679503473213.jpg\" \/>\n\t<meta property=\"og:image:width\" content=\"747\" \/>\n\t<meta property=\"og:image:height\" content=\"900\" \/>\n\t<meta property=\"og:image:type\" content=\"image\/jpeg\" \/>\n<meta name=\"author\" content=\"Sabrina Egidi\" \/>\n<script type=\"application\/ld+json\" class=\"yoast-schema-graph\">{\"@context\":\"https:\\\/\\\/schema.org\",\"@graph\":[{\"@type\":\"Article\",\"@id\":\"https:\\\/\\\/egidimadeinitaly.com\\\/fr\\\/galleria-della-cometa\\\/#article\",\"isPartOf\":{\"@id\":\"https:\\\/\\\/egidimadeinitaly.com\\\/fr\\\/galleria-della-cometa\\\/\"},\"author\":{\"name\":\"Sabrina Egidi\",\"@id\":\"https:\\\/\\\/egidimadeinitaly.com\\\/fr\\\/#\\\/schema\\\/person\\\/6723cc7bd1bded901c15c844a8ad09ac\"},\"headline\":\"Galleria della Cometa\",\"datePublished\":\"2023-03-15T16:19:15+00:00\",\"dateModified\":\"2025-10-30T15:33:39+00:00\",\"mainEntityOfPage\":{\"@id\":\"https:\\\/\\\/egidimadeinitaly.com\\\/fr\\\/galleria-della-cometa\\\/\"},\"wordCount\":388,\"image\":{\"@id\":\"https:\\\/\\\/egidimadeinitaly.com\\\/fr\\\/galleria-della-cometa\\\/#primaryimage\"},\"thumbnailUrl\":\"https:\\\/\\\/egidimadeinitaly.com\\\/v25\\\/wp-content\\\/uploads\\\/2023\\\/03\\\/catalogo-mostra-Mario-Mafai-Galleria-della-Cometa-1937-e1679503473213.jpg\",\"keywords\":[\"\u00c9cole Romaine\",\"galeries historiques d'art moderne rome\"],\"articleSection\":[\"Magazine\"],\"inLanguage\":\"fr-FR\"},{\"@type\":\"WebPage\",\"@id\":\"https:\\\/\\\/egidimadeinitaly.com\\\/fr\\\/galleria-della-cometa\\\/\",\"url\":\"https:\\\/\\\/egidimadeinitaly.com\\\/fr\\\/galleria-della-cometa\\\/\",\"name\":\"Galleria della Cometa - Egidi MadeinItaly\",\"isPartOf\":{\"@id\":\"https:\\\/\\\/egidimadeinitaly.com\\\/fr\\\/#website\"},\"primaryImageOfPage\":{\"@id\":\"https:\\\/\\\/egidimadeinitaly.com\\\/fr\\\/galleria-della-cometa\\\/#primaryimage\"},\"image\":{\"@id\":\"https:\\\/\\\/egidimadeinitaly.com\\\/fr\\\/galleria-della-cometa\\\/#primaryimage\"},\"thumbnailUrl\":\"https:\\\/\\\/egidimadeinitaly.com\\\/v25\\\/wp-content\\\/uploads\\\/2023\\\/03\\\/catalogo-mostra-Mario-Mafai-Galleria-della-Cometa-1937-e1679503473213.jpg\",\"datePublished\":\"2023-03-15T16:19:15+00:00\",\"dateModified\":\"2025-10-30T15:33:39+00:00\",\"author\":{\"@id\":\"https:\\\/\\\/egidimadeinitaly.com\\\/fr\\\/#\\\/schema\\\/person\\\/6723cc7bd1bded901c15c844a8ad09ac\"},\"description\":\"En 1935 la Galleria della Cometa ouvre ses portes \u00e0 Rome par la comtesse Pecci-Blunt et dirig\u00e9e par Libero de Libero.\",\"breadcrumb\":{\"@id\":\"https:\\\/\\\/egidimadeinitaly.com\\\/fr\\\/galleria-della-cometa\\\/#breadcrumb\"},\"inLanguage\":\"fr-FR\",\"potentialAction\":[{\"@type\":\"ReadAction\",\"target\":[\"https:\\\/\\\/egidimadeinitaly.com\\\/fr\\\/galleria-della-cometa\\\/\"]}]},{\"@type\":\"ImageObject\",\"inLanguage\":\"fr-FR\",\"@id\":\"https:\\\/\\\/egidimadeinitaly.com\\\/fr\\\/galleria-della-cometa\\\/#primaryimage\",\"url\":\"https:\\\/\\\/egidimadeinitaly.com\\\/v25\\\/wp-content\\\/uploads\\\/2023\\\/03\\\/catalogo-mostra-Mario-Mafai-Galleria-della-Cometa-1937-e1679503473213.jpg\",\"contentUrl\":\"https:\\\/\\\/egidimadeinitaly.com\\\/v25\\\/wp-content\\\/uploads\\\/2023\\\/03\\\/catalogo-mostra-Mario-Mafai-Galleria-della-Cometa-1937-e1679503473213.jpg\",\"width\":747,\"height\":900,\"caption\":\"Catalogue exposition Mario Mafai \u00e0 la Galleria della Cometa 1937\"},{\"@type\":\"BreadcrumbList\",\"@id\":\"https:\\\/\\\/egidimadeinitaly.com\\\/fr\\\/galleria-della-cometa\\\/#breadcrumb\",\"itemListElement\":[{\"@type\":\"ListItem\",\"position\":1,\"name\":\"Home\",\"item\":\"https:\\\/\\\/egidimadeinitaly.com\\\/fr\\\/\"},{\"@type\":\"ListItem\",\"position\":2,\"name\":\"Magazine\",\"item\":\"https:\\\/\\\/egidimadeinitaly.com\\\/fr\\\/category\\\/magazine-fr\\\/\"},{\"@type\":\"ListItem\",\"position\":3,\"name\":\"Galleria della Cometa\"}]},{\"@type\":\"WebSite\",\"@id\":\"https:\\\/\\\/egidimadeinitaly.com\\\/fr\\\/#website\",\"url\":\"https:\\\/\\\/egidimadeinitaly.com\\\/fr\\\/\",\"name\":\"Egidi MadeinItaly\",\"description\":\"Fine Art\",\"potentialAction\":[{\"@type\":\"SearchAction\",\"target\":{\"@type\":\"EntryPoint\",\"urlTemplate\":\"https:\\\/\\\/egidimadeinitaly.com\\\/fr\\\/?s={search_term_string}\"},\"query-input\":{\"@type\":\"PropertyValueSpecification\",\"valueRequired\":true,\"valueName\":\"search_term_string\"}}],\"inLanguage\":\"fr-FR\"},{\"@type\":\"Person\",\"@id\":\"https:\\\/\\\/egidimadeinitaly.com\\\/fr\\\/#\\\/schema\\\/person\\\/6723cc7bd1bded901c15c844a8ad09ac\",\"name\":\"Sabrina Egidi\",\"image\":{\"@type\":\"ImageObject\",\"inLanguage\":\"fr-FR\",\"@id\":\"https:\\\/\\\/secure.gravatar.com\\\/avatar\\\/a40fdbc55bf918bb816497bc3c90e4c5c27f15a4085cd750f2c78f47ae05c7d1?s=96&d=mm&r=g\",\"url\":\"https:\\\/\\\/secure.gravatar.com\\\/avatar\\\/a40fdbc55bf918bb816497bc3c90e4c5c27f15a4085cd750f2c78f47ae05c7d1?s=96&d=mm&r=g\",\"contentUrl\":\"https:\\\/\\\/secure.gravatar.com\\\/avatar\\\/a40fdbc55bf918bb816497bc3c90e4c5c27f15a4085cd750f2c78f47ae05c7d1?s=96&d=mm&r=g\",\"caption\":\"Sabrina Egidi\"}}]}<\/script>\n<!-- \/ Yoast SEO Premium plugin. -->","yoast_head_json":{"title":"Galleria della Cometa - Egidi MadeinItaly","description":"En 1935 la Galleria della Cometa ouvre ses portes \u00e0 Rome par la comtesse Pecci-Blunt et dirig\u00e9e par Libero de Libero.","robots":{"index":"index","follow":"follow","max-snippet":"max-snippet:-1","max-image-preview":"max-image-preview:large","max-video-preview":"max-video-preview:-1"},"canonical":"https:\/\/egidimadeinitaly.com\/fr\/galleria-della-cometa\/","og_locale":"fr_FR","og_type":"article","og_title":"Galleria della Cometa","og_description":"Galleria della Cometa La Galleria della Cometa de la comtesse Pecci-Blunt\u00a0: trois ans d'activit\u00e9 intense, trente-six expositions, un si\u00e8ge \u00e0 Rome et une","og_url":"https:\/\/egidimadeinitaly.com\/fr\/galleria-della-cometa\/","og_site_name":"Egidi MadeinItaly","article_publisher":"https:\/\/www.facebook.com\/egidimadeinitaly\/","article_published_time":"2023-03-15T16:19:15+00:00","article_modified_time":"2025-10-30T15:33:39+00:00","og_image":[{"width":747,"height":900,"url":"https:\/\/egidimadeinitaly.com\/v25\/wp-content\/uploads\/2023\/03\/catalogo-mostra-Mario-Mafai-Galleria-della-Cometa-1937-e1679503473213.jpg","type":"image\/jpeg"}],"author":"Sabrina Egidi","schema":{"@context":"https:\/\/schema.org","@graph":[{"@type":"Article","@id":"https:\/\/egidimadeinitaly.com\/fr\/galleria-della-cometa\/#article","isPartOf":{"@id":"https:\/\/egidimadeinitaly.com\/fr\/galleria-della-cometa\/"},"author":{"name":"Sabrina Egidi","@id":"https:\/\/egidimadeinitaly.com\/fr\/#\/schema\/person\/6723cc7bd1bded901c15c844a8ad09ac"},"headline":"Galleria della Cometa","datePublished":"2023-03-15T16:19:15+00:00","dateModified":"2025-10-30T15:33:39+00:00","mainEntityOfPage":{"@id":"https:\/\/egidimadeinitaly.com\/fr\/galleria-della-cometa\/"},"wordCount":388,"image":{"@id":"https:\/\/egidimadeinitaly.com\/fr\/galleria-della-cometa\/#primaryimage"},"thumbnailUrl":"https:\/\/egidimadeinitaly.com\/v25\/wp-content\/uploads\/2023\/03\/catalogo-mostra-Mario-Mafai-Galleria-della-Cometa-1937-e1679503473213.jpg","keywords":["\u00c9cole Romaine","galeries historiques d'art moderne rome"],"articleSection":["Magazine"],"inLanguage":"fr-FR"},{"@type":"WebPage","@id":"https:\/\/egidimadeinitaly.com\/fr\/galleria-della-cometa\/","url":"https:\/\/egidimadeinitaly.com\/fr\/galleria-della-cometa\/","name":"Galleria della Cometa - Egidi MadeinItaly","isPartOf":{"@id":"https:\/\/egidimadeinitaly.com\/fr\/#website"},"primaryImageOfPage":{"@id":"https:\/\/egidimadeinitaly.com\/fr\/galleria-della-cometa\/#primaryimage"},"image":{"@id":"https:\/\/egidimadeinitaly.com\/fr\/galleria-della-cometa\/#primaryimage"},"thumbnailUrl":"https:\/\/egidimadeinitaly.com\/v25\/wp-content\/uploads\/2023\/03\/catalogo-mostra-Mario-Mafai-Galleria-della-Cometa-1937-e1679503473213.jpg","datePublished":"2023-03-15T16:19:15+00:00","dateModified":"2025-10-30T15:33:39+00:00","author":{"@id":"https:\/\/egidimadeinitaly.com\/fr\/#\/schema\/person\/6723cc7bd1bded901c15c844a8ad09ac"},"description":"En 1935 la Galleria della Cometa ouvre ses portes \u00e0 Rome par la comtesse Pecci-Blunt et dirig\u00e9e par Libero de Libero.","breadcrumb":{"@id":"https:\/\/egidimadeinitaly.com\/fr\/galleria-della-cometa\/#breadcrumb"},"inLanguage":"fr-FR","potentialAction":[{"@type":"ReadAction","target":["https:\/\/egidimadeinitaly.com\/fr\/galleria-della-cometa\/"]}]},{"@type":"ImageObject","inLanguage":"fr-FR","@id":"https:\/\/egidimadeinitaly.com\/fr\/galleria-della-cometa\/#primaryimage","url":"https:\/\/egidimadeinitaly.com\/v25\/wp-content\/uploads\/2023\/03\/catalogo-mostra-Mario-Mafai-Galleria-della-Cometa-1937-e1679503473213.jpg","contentUrl":"https:\/\/egidimadeinitaly.com\/v25\/wp-content\/uploads\/2023\/03\/catalogo-mostra-Mario-Mafai-Galleria-della-Cometa-1937-e1679503473213.jpg","width":747,"height":900,"caption":"Catalogue exposition Mario Mafai \u00e0 la Galleria della Cometa 1937"},{"@type":"BreadcrumbList","@id":"https:\/\/egidimadeinitaly.com\/fr\/galleria-della-cometa\/#breadcrumb","itemListElement":[{"@type":"ListItem","position":1,"name":"Home","item":"https:\/\/egidimadeinitaly.com\/fr\/"},{"@type":"ListItem","position":2,"name":"Magazine","item":"https:\/\/egidimadeinitaly.com\/fr\/category\/magazine-fr\/"},{"@type":"ListItem","position":3,"name":"Galleria della Cometa"}]},{"@type":"WebSite","@id":"https:\/\/egidimadeinitaly.com\/fr\/#website","url":"https:\/\/egidimadeinitaly.com\/fr\/","name":"Egidi MadeinItaly","description":"Fine Art","potentialAction":[{"@type":"SearchAction","target":{"@type":"EntryPoint","urlTemplate":"https:\/\/egidimadeinitaly.com\/fr\/?s={search_term_string}"},"query-input":{"@type":"PropertyValueSpecification","valueRequired":true,"valueName":"search_term_string"}}],"inLanguage":"fr-FR"},{"@type":"Person","@id":"https:\/\/egidimadeinitaly.com\/fr\/#\/schema\/person\/6723cc7bd1bded901c15c844a8ad09ac","name":"Sabrina Egidi","image":{"@type":"ImageObject","inLanguage":"fr-FR","@id":"https:\/\/secure.gravatar.com\/avatar\/a40fdbc55bf918bb816497bc3c90e4c5c27f15a4085cd750f2c78f47ae05c7d1?s=96&d=mm&r=g","url":"https:\/\/secure.gravatar.com\/avatar\/a40fdbc55bf918bb816497bc3c90e4c5c27f15a4085cd750f2c78f47ae05c7d1?s=96&d=mm&r=g","contentUrl":"https:\/\/secure.gravatar.com\/avatar\/a40fdbc55bf918bb816497bc3c90e4c5c27f15a4085cd750f2c78f47ae05c7d1?s=96&d=mm&r=g","caption":"Sabrina Egidi"}}]}},"_links":{"self":[{"href":"https:\/\/egidimadeinitaly.com\/fr\/wp-json\/wp\/v2\/posts\/114523","targetHints":{"allow":["GET"]}}],"collection":[{"href":"https:\/\/egidimadeinitaly.com\/fr\/wp-json\/wp\/v2\/posts"}],"about":[{"href":"https:\/\/egidimadeinitaly.com\/fr\/wp-json\/wp\/v2\/types\/post"}],"author":[{"embeddable":true,"href":"https:\/\/egidimadeinitaly.com\/fr\/wp-json\/wp\/v2\/users\/9"}],"replies":[{"embeddable":true,"href":"https:\/\/egidimadeinitaly.com\/fr\/wp-json\/wp\/v2\/comments?post=114523"}],"version-history":[{"count":8,"href":"https:\/\/egidimadeinitaly.com\/fr\/wp-json\/wp\/v2\/posts\/114523\/revisions"}],"predecessor-version":[{"id":125989,"href":"https:\/\/egidimadeinitaly.com\/fr\/wp-json\/wp\/v2\/posts\/114523\/revisions\/125989"}],"wp:featuredmedia":[{"embeddable":true,"href":"https:\/\/egidimadeinitaly.com\/fr\/wp-json\/wp\/v2\/media\/114521"}],"wp:attachment":[{"href":"https:\/\/egidimadeinitaly.com\/fr\/wp-json\/wp\/v2\/media?parent=114523"}],"wp:term":[{"taxonomy":"category","embeddable":true,"href":"https:\/\/egidimadeinitaly.com\/fr\/wp-json\/wp\/v2\/categories?post=114523"},{"taxonomy":"post_tag","embeddable":true,"href":"https:\/\/egidimadeinitaly.com\/fr\/wp-json\/wp\/v2\/tags?post=114523"}],"curies":[{"name":"wp","href":"https:\/\/api.w.org\/{rel}","templated":true}]}}