{"id":110621,"date":"2022-07-02T19:27:48","date_gmt":"2022-07-02T18:27:48","guid":{"rendered":"https:\/\/egidimadeinitaly.com\/ecomsite\/?p=110621"},"modified":"2025-10-30T16:27:45","modified_gmt":"2025-10-30T15:27:45","slug":"ecole-romaine","status":"publish","type":"post","link":"https:\/\/egidimadeinitaly.com\/fr\/ecole-romaine\/","title":{"rendered":"\u00c9cole Romaine"},"content":{"rendered":"<h2 style=\"text-align: left;\">\u00c9cole Romaine: association d&rsquo;artistes<\/h2>\n<p>La d\u00e9finition courante de \u00ab <strong>Scuola Romana<\/strong> \u00bb (<strong>\u00c9cole Romaine<\/strong>) a \u00e9t\u00e9 formul\u00e9e en 1930 par le critique d&rsquo;art fran\u00e7ais Waldemar-George (\u00c9cole de Rome).<\/p>\n<p>L&rsquo;un des moments les plus int\u00e9ressants et les plus vitaux de l&rsquo;art italien du XXe si\u00e8cle a \u00e9t\u00e9 la recherche figurative \u00e0 Rome, au cours de la p\u00e9riode comprise entre la Premi\u00e8re et la Seconde Guerre mondiale.<\/p>\n<p>Il s\u2019agit d\u2019une association d&rsquo;artistes plut\u00f4t que d\u2019une \u00e9cole proprement dite. Un regroupement spontan\u00e9 de personnes qui partagent les m\u00eames id\u00e9aux, les m\u00eames lieux et les m\u00eames atmosph\u00e8res.<\/p>\n<p>Par-del\u00e0 la vari\u00e9t\u00e9 des langages expressifs, la d\u00e9finition courante trouve sa raison d&rsquo;\u00eatre dans certains \u00e9l\u00e9ments de continuit\u00e9 d\u00e9terminants.<\/p>\n<figure id=\"attachment_100181\" aria-describedby=\"caption-attachment-100181\" style=\"width: 225px\" class=\"wp-caption alignnone\"><img decoding=\"async\" class=\"wp-image-100181 size-medium\" src=\"https:\/\/egidimadeinitaly.com\/v25\/wp-content\/uploads\/2021\/06\/1251DBF6-99EC-4055-8D00-C19FD3AC6579-225x300.jpeg\" alt=\"Tableaux d\u2019Art Moderne \u00c9cole Romaine\" width=\"225\" height=\"300\" \/><figcaption id=\"caption-attachment-100181\" class=\"wp-caption-text\">Collage<\/figcaption><\/figure>\n<p>Ces \u00e9l\u00e9ments constituent le lien profond avec la ville \u00e9ternelle, le culte du \u00ab m\u00e9tier \u00bb et de l&rsquo;exp\u00e9rimentation et, surtout, une intol\u00e9rance profonde \u00e0 l&rsquo;id\u00e9e de l&rsquo;art comme expression d&rsquo;un r\u00e9gime.<\/p>\n<p>C\u2019est peut-\u00eatre aussi en r\u00e9action \u00e0 la rh\u00e9torique galopante que les \u0153uvres de ces artistes montrent des r\u00e9alit\u00e9s intimes et parfois humbles, charg\u00e9es de regards inquiets.<\/p>\n<p>Ils parlent d&rsquo;une ville cach\u00e9e et inconnue, empreinte de vieux mythes et d\u2019implications baroques.<\/p>\n<p>Une Rome m\u00e9lancolique, m\u00eame dans la transformation continue vers la modernit\u00e9, une ville au cr\u00e9puscule, qui \u00e9tait sur le point de dispara\u00eetre sous les coups du \u00ab piccone risanatore \u00bb (la pioche gu\u00e9risseuse).<\/p>\n<h2 style=\"text-align: center;\">Lieux de l&rsquo;\u00c9cole Romaine<\/h2>\n<p>La communaut\u00e9 artistique et culturelle trouve ses lieux de rencontre dans les galeries d&rsquo;art comme la <a href=\"https:\/\/egidimadeinitaly.com\/fr\/galerie-de-rome\/\">Galleria d&rsquo;Arte di Roma<\/a> ou la <a href=\"https:\/\/egidimadeinitaly.com\/fr\/galleria-della-cometa\/\">Galleria della Cometa<\/a>, dans les <a href=\"https:\/\/egidimadeinitaly.com\/fr\/caffe-aragno-lecole-romaine\/\">caf\u00e9s comme l&rsquo;Aragno<\/a> ou le Caff\u00e8 Greco, et dans les ateliers comme, entre autres, la <strong>Villa Strohl Fern<\/strong>.<\/p>\n<p>Ils sont tous situ\u00e9s dans un p\u00e9rim\u00e8tre restreint entre le centre historique et les quartiers de Monti, Pinciano et Villa Borghese.<\/p>\n<p>Le po\u00e8te et critique d\u2019art Libero De Libero (Fondi,1903\u2013Rome, 1981) a \u00e9crit en \u00e9voquant ces ann\u00e9es :<\/p>\n<blockquote>\n<p style=\"text-align: center;\">\u00ab <em>Ce fut notre grande saison d&rsquo;amiti\u00e9<\/em> \u00bb.<\/p>\n<\/blockquote>\n<p>La po\u00e9sie avait le dessus sur n\u2019importe quel besoin, il n&rsquo;y avait pas le moindre obstacle entre nous et les faits de l&rsquo;art, entre les choses et nous. \u00bb.<\/p>\n<p>Les artistes que l&rsquo;on peut rattacher \u00e0 cette \u00ab \u00c9cole \u00bb sont nombreux et diff\u00e9rents, et les courants auxquels ils appartiennent le sont tout autant.<\/p>\n<h2 style=\"text-align: left;\">R\u00e9alisme magique<\/h2>\n<p>Nous pouvons citer des repr\u00e9sentants du r\u00e9alisme magique, tels qu\u2019 <a href=\"https:\/\/egidimadeinitaly.com\/fr\/produit\/art-moderne\/tableaux-modernes-fr\/donghi-antonio-via-del-lavatore\/\"><strong>Antonio Donghi<\/strong><\/a> (Rome, 1897\u20131963), <strong>Francesco Trombadori<\/strong> (Syracuse, 1886\u2013Rome, 1961), <a href=\"https:\/\/egidimadeinitaly.com\/fr\/artistes\/riccardo-francalancia\/\"><strong>Riccardo Francalancia<\/strong><\/a> (Assise, 1886\u2013Rome, 1965) et <strong>Ferruccio Ferrazzi<\/strong> (Rome, 1891\u20131978).<\/p>\n<div id='gallery-1' class='gallery galleryid-110621 gallery-columns-4 gallery-size-thumbnail'><figure class='gallery-item'>\n\t\t\t<div class='gallery-icon portrait'>\n\t\t\t\t<a href='https:\/\/egidimadeinitaly.com\/fr\/ecole-romaine\/piccoli-saltimbanchi-1938-2-2\/'><img decoding=\"async\" width=\"150\" height=\"150\" src=\"https:\/\/egidimadeinitaly.com\/v25\/wp-content\/uploads\/2022\/06\/Piccoli-saltimbanchi-1938-scaled-e1722599919556-150x150.jpeg\" class=\"attachment-thumbnail size-thumbnail\" alt=\"\u00c9cole Romaine sur Egidi MadeinItaly\" aria-describedby=\"gallery-1-110085\" srcset=\"https:\/\/egidimadeinitaly.com\/v25\/wp-content\/uploads\/2022\/06\/Piccoli-saltimbanchi-1938-scaled-e1722599919556-150x150.jpeg 150w, https:\/\/egidimadeinitaly.com\/v25\/wp-content\/uploads\/2022\/06\/Piccoli-saltimbanchi-1938-scaled-e1722599919556-300x300.jpeg 300w, https:\/\/egidimadeinitaly.com\/v25\/wp-content\/uploads\/2022\/06\/Piccoli-saltimbanchi-1938-scaled-e1722599919556-100x100.jpeg 100w\" sizes=\"(max-width: 150px) 100vw, 150px\" \/><\/a>\n\t\t\t<\/div>\n\t\t\t\t<figcaption class='wp-caption-text gallery-caption' id='gallery-1-110085'>\n\t\t\t\tAntonio Donghi Piccoli saltimbanchi\n\t\t\t\t<\/figcaption><\/figure><figure class='gallery-item'>\n\t\t\t<div class='gallery-icon portrait'>\n\t\t\t\t<a href='https:\/\/egidimadeinitaly.com\/fr\/ecole-romaine\/natura-morta-con-lische-2\/'><img decoding=\"async\" width=\"150\" height=\"150\" src=\"https:\/\/egidimadeinitaly.com\/v25\/wp-content\/uploads\/2022\/06\/Natura-morta-con-lische-scaled-e1678820886111-150x150.jpeg\" class=\"attachment-thumbnail size-thumbnail\" alt=\"\u00c9cole Romaine sur Egidi MadeinItaly\" aria-describedby=\"gallery-1-110115\" srcset=\"https:\/\/egidimadeinitaly.com\/v25\/wp-content\/uploads\/2022\/06\/Natura-morta-con-lische-scaled-e1678820886111-150x150.jpeg 150w, https:\/\/egidimadeinitaly.com\/v25\/wp-content\/uploads\/2022\/06\/Natura-morta-con-lische-scaled-e1678820886111-300x300.jpeg 300w, https:\/\/egidimadeinitaly.com\/v25\/wp-content\/uploads\/2022\/06\/Natura-morta-con-lische-scaled-e1678820886111-100x100.jpeg 100w\" sizes=\"(max-width: 150px) 100vw, 150px\" \/><\/a>\n\t\t\t<\/div>\n\t\t\t\t<figcaption class='wp-caption-text gallery-caption' id='gallery-1-110115'>\n\t\t\t\tNatura morta con lische \n\t\t\t\t<\/figcaption><\/figure><figure class='gallery-item'>\n\t\t\t<div class='gallery-icon portrait'>\n\t\t\t\t<a href='https:\/\/egidimadeinitaly.com\/fr\/ecole-romaine\/fiore-di-cactus-1932-2\/'><img decoding=\"async\" width=\"150\" height=\"150\" src=\"https:\/\/egidimadeinitaly.com\/v25\/wp-content\/uploads\/2022\/06\/Fiore-di-cactus-1932-e1678820869622-150x150.jpeg\" class=\"attachment-thumbnail size-thumbnail\" alt=\"\u00c9cole Romaine sur Egidi MadeinItaly\" aria-describedby=\"gallery-1-110112\" srcset=\"https:\/\/egidimadeinitaly.com\/v25\/wp-content\/uploads\/2022\/06\/Fiore-di-cactus-1932-e1678820869622-150x150.jpeg 150w, https:\/\/egidimadeinitaly.com\/v25\/wp-content\/uploads\/2022\/06\/Fiore-di-cactus-1932-e1678820869622-300x300.jpeg 300w, https:\/\/egidimadeinitaly.com\/v25\/wp-content\/uploads\/2022\/06\/Fiore-di-cactus-1932-e1678820869622-100x100.jpeg 100w\" sizes=\"(max-width: 150px) 100vw, 150px\" \/><\/a>\n\t\t\t<\/div>\n\t\t\t\t<figcaption class='wp-caption-text gallery-caption' id='gallery-1-110112'>\n\t\t\t\tRiccardo Francalancia Fiore di cactus \n\t\t\t\t<\/figcaption><\/figure><figure class='gallery-item'>\n\t\t\t<div class='gallery-icon portrait'>\n\t\t\t\t<a href='https:\/\/egidimadeinitaly.com\/fr\/ecole-romaine\/studio-di-figura-femminile-1942-2\/'><img decoding=\"async\" width=\"150\" height=\"150\" src=\"https:\/\/egidimadeinitaly.com\/v25\/wp-content\/uploads\/2022\/06\/Studio-di-figura-femminile-1942-scaled-e1678820687218-150x150.jpeg\" class=\"attachment-thumbnail size-thumbnail\" alt=\"\u00c9cole Romaine sur Egidi MadeinItaly\" aria-describedby=\"gallery-1-110088\" srcset=\"https:\/\/egidimadeinitaly.com\/v25\/wp-content\/uploads\/2022\/06\/Studio-di-figura-femminile-1942-scaled-e1678820687218-150x150.jpeg 150w, https:\/\/egidimadeinitaly.com\/v25\/wp-content\/uploads\/2022\/06\/Studio-di-figura-femminile-1942-scaled-e1678820687218-300x300.jpeg 300w, https:\/\/egidimadeinitaly.com\/v25\/wp-content\/uploads\/2022\/06\/Studio-di-figura-femminile-1942-scaled-e1678820687218-100x100.jpeg 100w\" sizes=\"(max-width: 150px) 100vw, 150px\" \/><\/a>\n\t\t\t<\/div>\n\t\t\t\t<figcaption class='wp-caption-text gallery-caption' id='gallery-1-110088'>\n\t\t\t\tAlberto Ziveri Studio di figura femminile \n\t\t\t\t<\/figcaption><\/figure>\n\t\t<\/div>\n\n<p>Dans ces tableaux, la r\u00e9alit\u00e9 des choses et des gens est repr\u00e9sent\u00e9e en d\u00e9tail, mais reste quoi qu&rsquo;il en soit comme suspendue dans des atmosph\u00e8res intemporelles.<\/p>\n<h2 style=\"text-align: left;\"><b>\u00c9cole<\/b><strong>\u00a0de via Cavour<\/strong><\/h2>\n<p>Les fondateurs de la <strong>Scuola di via Cavour<\/strong>, nom donn\u00e9 par le critique d\u2019art Roberto Longhi (Alba, 1890\u2013Florence, 1970), font \u00e9galement partie de la Scuola Romana (l\u2019\u00c9cole Romaine).<\/p>\n<p>Ce nom vient de l\u2019adresse m\u00eame o\u00f9 habitaient et travaillaient <strong>Mario Mafai<\/strong> (Rome, 1902\u20131965) et <a href=\"https:\/\/egidimadeinitaly.com\/fr\/artistes\/antonietta-raphael\/\">Antonietta Rapha\u00ebl<\/a> (Kaunas, 1895\u2013Rome, 1975) qui, avec <strong>Scipione Bonichi<\/strong> (Macerata, 1904\u2013Arco, 1933) ont form\u00e9 un premier groupe de renouveau r\u00e9el.<\/p>\n<div id='gallery-2' class='gallery galleryid-110621 gallery-columns-4 gallery-size-thumbnail'><figure class='gallery-item'>\n\t\t\t<div class='gallery-icon portrait'>\n\t\t\t\t<a href='https:\/\/egidimadeinitaly.com\/fr\/ecole-romaine\/le-tre-sorelle-2-2\/'><img decoding=\"async\" width=\"150\" height=\"150\" src=\"https:\/\/egidimadeinitaly.com\/v25\/wp-content\/uploads\/2022\/06\/Le-tre-sorelle-scaled-e1678821347757-150x150.jpeg\" class=\"attachment-thumbnail size-thumbnail\" alt=\"\u00c9cole Romaine sur Egidi MadeinItaly\" aria-describedby=\"gallery-2-110251\" srcset=\"https:\/\/egidimadeinitaly.com\/v25\/wp-content\/uploads\/2022\/06\/Le-tre-sorelle-scaled-e1678821347757-150x150.jpeg 150w, https:\/\/egidimadeinitaly.com\/v25\/wp-content\/uploads\/2022\/06\/Le-tre-sorelle-scaled-e1678821347757-300x300.jpeg 300w, https:\/\/egidimadeinitaly.com\/v25\/wp-content\/uploads\/2022\/06\/Le-tre-sorelle-scaled-e1678821347757-100x100.jpeg 100w\" sizes=\"(max-width: 150px) 100vw, 150px\" \/><\/a>\n\t\t\t<\/div>\n\t\t\t\t<figcaption class='wp-caption-text gallery-caption' id='gallery-2-110251'>\n\t\t\t\tLe tre sorelle par Antonietta Rapha\u00ebl\n\t\t\t\t<\/figcaption><\/figure><figure class='gallery-item'>\n\t\t\t<div class='gallery-icon portrait'>\n\t\t\t\t<a href='https:\/\/egidimadeinitaly.com\/fr\/ecole-romaine\/veduta-di-roma-2\/'><img decoding=\"async\" width=\"150\" height=\"150\" src=\"https:\/\/egidimadeinitaly.com\/v25\/wp-content\/uploads\/2022\/06\/Veduta-di-Roma-scaled-e1678821331570-150x150.jpeg\" class=\"attachment-thumbnail size-thumbnail\" alt=\"\u00c9cole Romaine sur Egidi MadeinItaly\" aria-describedby=\"gallery-2-110248\" srcset=\"https:\/\/egidimadeinitaly.com\/v25\/wp-content\/uploads\/2022\/06\/Veduta-di-Roma-scaled-e1678821331570-150x150.jpeg 150w, https:\/\/egidimadeinitaly.com\/v25\/wp-content\/uploads\/2022\/06\/Veduta-di-Roma-scaled-e1678821331570-300x300.jpeg 300w, https:\/\/egidimadeinitaly.com\/v25\/wp-content\/uploads\/2022\/06\/Veduta-di-Roma-scaled-e1678821331570-100x100.jpeg 100w\" sizes=\"(max-width: 150px) 100vw, 150px\" \/><\/a>\n\t\t\t<\/div>\n\t\t\t\t<figcaption class='wp-caption-text gallery-caption' id='gallery-2-110248'>\n\t\t\t\tMario Mafai Veduta di Roma \n\t\t\t\t<\/figcaption><\/figure><figure class='gallery-item'>\n\t\t\t<div class='gallery-icon portrait'>\n\t\t\t\t<a href='https:\/\/egidimadeinitaly.com\/fr\/ecole-romaine\/ritratto-di-sara-1927-2\/'><img decoding=\"async\" width=\"150\" height=\"150\" src=\"https:\/\/egidimadeinitaly.com\/v25\/wp-content\/uploads\/2022\/06\/Ritratto-di-Sara-1927-scaled-e1678821396906-150x150.jpeg\" class=\"attachment-thumbnail size-thumbnail\" alt=\"\u00c9cole Romaine sur Egidi MadeinItaly\" aria-describedby=\"gallery-2-110254\" srcset=\"https:\/\/egidimadeinitaly.com\/v25\/wp-content\/uploads\/2022\/06\/Ritratto-di-Sara-1927-scaled-e1678821396906-150x150.jpeg 150w, https:\/\/egidimadeinitaly.com\/v25\/wp-content\/uploads\/2022\/06\/Ritratto-di-Sara-1927-scaled-e1678821396906-300x300.jpeg 300w, https:\/\/egidimadeinitaly.com\/v25\/wp-content\/uploads\/2022\/06\/Ritratto-di-Sara-1927-scaled-e1678821396906-100x100.jpeg 100w\" sizes=\"(max-width: 150px) 100vw, 150px\" \/><\/a>\n\t\t\t<\/div>\n\t\t\t\t<figcaption class='wp-caption-text gallery-caption' id='gallery-2-110254'>\n\t\t\t\t \u00c9cole Romaine Portrait de Sara \n\t\t\t\t<\/figcaption><\/figure><figure class='gallery-item'>\n\t\t\t<div class='gallery-icon landscape'>\n\t\t\t\t<a href='https:\/\/egidimadeinitaly.com\/fr\/ecole-romaine\/il-modello-1933-2\/'><img decoding=\"async\" width=\"150\" height=\"150\" src=\"https:\/\/egidimadeinitaly.com\/v25\/wp-content\/uploads\/2022\/06\/Il-modello-1933-scaled-e1678821303197-150x150.jpeg\" class=\"attachment-thumbnail size-thumbnail\" alt=\"\u00c9cole Romaine sur Egidi MadeinItaly\" aria-describedby=\"gallery-2-110245\" srcset=\"https:\/\/egidimadeinitaly.com\/v25\/wp-content\/uploads\/2022\/06\/Il-modello-1933-scaled-e1678821303197-150x150.jpeg 150w, https:\/\/egidimadeinitaly.com\/v25\/wp-content\/uploads\/2022\/06\/Il-modello-1933-scaled-e1678821303197-300x300.jpeg 300w, https:\/\/egidimadeinitaly.com\/v25\/wp-content\/uploads\/2022\/06\/Il-modello-1933-scaled-e1678821303197-100x100.jpeg 100w\" sizes=\"(max-width: 150px) 100vw, 150px\" \/><\/a>\n\t\t\t<\/div>\n\t\t\t\t<figcaption class='wp-caption-text gallery-caption' id='gallery-2-110245'>\n\t\t\t\tMario Mafai Il modello 1933\n\t\t\t\t<\/figcaption><\/figure>\n\t\t<\/div>\n\n<h2 style=\"text-align: left;\">Peintres tonalistes<\/h2>\n<p>Les ann\u00e9es 1930 sont repr\u00e9sent\u00e9es par des peintres dits \u00ab tonalistes \u00bb, tels que <strong>Corrado Cagli<\/strong> (Anc\u00f4ne, 1910\u2013Rome, 1976), <strong>Giuseppe Capogrossi<\/strong> (Rome, 1900\u20131972), <a href=\"https:\/\/egidimadeinitaly.com\/fr\/artistes\/emanuele-cavalli\/\">Emanuele Cavalli<\/a> (Lucera, 1904\u2013Florence, 1981), <strong>Roberto Melli<\/strong> (Ferrare, 1885\u2013Rome, 1958) et <strong>Guglielmo Ianni<\/strong> (Rome, 1892\u20131958).<\/p>\n<p>Ils se concentrent sur les rapports lumi\u00e8re-couleur-espace. Sur ceux qui, au lendemain de la Seconde Guerre mondiale, d\u00e9veloppent un nouveau langage \u00ab r\u00e9aliste \u00bb avec une repr\u00e9sentation impulsive de la r\u00e9alit\u00e9 la plus crue.<\/p>\n<p>Il s\u2019agit d\u2019<a href=\"https:\/\/egidimadeinitaly.com\/fr\/artistes\/alberto-ziveri\/\"><strong>Alberto Ziveri<\/strong><\/a> (Rome, 1908\u20131990), <a href=\"https:\/\/egidimadeinitaly.com\/fr\/produit\/art-moderne\/oeuvres-modernes-sur-papiers\/fausto-pirandello-pastels-sur-papier\/\">Fausto Pirandello <\/a>(Rome, 1899\u20131975), <strong>Renato Guttuso<\/strong> (Bagheria, 1911\u2013Rome, 1987) et du jeune <strong>Renzo Vespignani<\/strong> (Rome, 1924\u20132001).<\/p>\n<figure id=\"attachment_109971\" aria-describedby=\"caption-attachment-109971\" style=\"width: 223px\" class=\"wp-caption aligncenter\"><img decoding=\"async\" class=\"wp-image-109971 size-medium\" src=\"https:\/\/egidimadeinitaly.com\/v25\/wp-content\/uploads\/2022\/06\/ritratto-di-Graziella-scaled-e1729778810228-223x300.jpeg\" alt=\"Portrait de Graziella Renato Guttuso\" width=\"223\" height=\"300\" srcset=\"https:\/\/egidimadeinitaly.com\/v25\/wp-content\/uploads\/2022\/06\/ritratto-di-Graziella-scaled-e1729778810228-223x300.jpeg 223w, https:\/\/egidimadeinitaly.com\/v25\/wp-content\/uploads\/2022\/06\/ritratto-di-Graziella-scaled-e1729778810228.jpeg 490w\" sizes=\"(max-width: 223px) 100vw, 223px\" \/><figcaption id=\"caption-attachment-109971\" class=\"wp-caption-text\">Portrait de Graziella<\/figcaption><\/figure>\n<p>Parmi eux, les grands sculpteurs ne manquent pas\u00a0 Antonietta Rapha\u00ebl,\u00a0 <a href=\"https:\/\/egidimadeinitaly.com\/fr\/pericle-fazzini-le-sculpteur-du-vent\/\">Pericle Fazzini<\/a> (Grottammare, 1913\u2013Rome, 1987), Mirko Basaldella (Udine, 1910\u2013Cambridge, 1969), <a href=\"https:\/\/egidimadeinitaly.com\/fr\/artistes\/leoncillo-leonardi\/\">Leoncillo Leonardi<\/a> (Spol\u00e8te, 1915\u2013Rome, 1968), Renato Marino Mazzacurati (S. Venanzio di Galliera, 1907\u2013Parme, 1969) et un ma\u00eetre de la gravure comme Luigi Bartolini (Cupramontana,1892\u2013Rome, 1963).<\/p>\n<h2 style=\"text-align: center;\">Vous poss\u00e9dez une \u0153uvre de l&rsquo;\u00c9cole romaine et vous voulez la vendre ?<\/h2>\n<p style=\"text-align: center;\">Pour toute expertise ou estimation de vos \u0153uvres et de vos collections, vous pouvez nous contacter \u00e0 l&rsquo;adresse sabrina@egidimadeinitaly.com<\/p>\n<p style=\"text-align: center;\">ou<\/p>\n<p style=\"text-align: center;\">\u00a0envoyez-nous un message WhatsApp au au\u00a0 +39 3356585431<\/p>\n<p style=\"text-align: center;\"><span style=\"color: #ff6600;\"><strong>VOUS POUVEZ NOUS FAIRE CONFIANCE<\/strong><\/span><\/p>\n<p style=\"text-align: center;\"><strong>Les meilleures estimations, comp\u00e9tence, s\u00e9rieux<\/strong><\/p>\n<div id='gallery-3' class='gallery galleryid-110621 gallery-columns-1 gallery-size-thumbnail'><figure class='gallery-item'>\n\t\t\t<div class='gallery-icon landscape'>\n\t\t\t\t<a href='https:\/\/egidimadeinitaly.com\/fr\/ecole-romaine\/grande-spiaggia-2\/'><img decoding=\"async\" width=\"150\" height=\"150\" src=\"https:\/\/egidimadeinitaly.com\/v25\/wp-content\/uploads\/2022\/06\/Grande-spiaggia-scaled-e1678820816336-150x150.jpeg\" class=\"attachment-thumbnail size-thumbnail\" alt=\"\u00c9cole Romaine sur Egidi MadeinItaly\" aria-describedby=\"gallery-3-110094\" srcset=\"https:\/\/egidimadeinitaly.com\/v25\/wp-content\/uploads\/2022\/06\/Grande-spiaggia-scaled-e1678820816336-150x150.jpeg 150w, https:\/\/egidimadeinitaly.com\/v25\/wp-content\/uploads\/2022\/06\/Grande-spiaggia-scaled-e1678820816336-300x300.jpeg 300w, https:\/\/egidimadeinitaly.com\/v25\/wp-content\/uploads\/2022\/06\/Grande-spiaggia-scaled-e1678820816336-100x100.jpeg 100w\" sizes=\"(max-width: 150px) 100vw, 150px\" \/><\/a>\n\t\t\t<\/div>\n\t\t\t\t<figcaption class='wp-caption-text gallery-caption' id='gallery-3-110094'>\n\t\t\t\tGrande spiaggia Fausto Pirandello\n\t\t\t\t<\/figcaption><\/figure>\n\t\t<\/div>\n\n","protected":false},"excerpt":{"rendered":"<p>\u00c9cole Romaine: association d&rsquo;artistes La d\u00e9finition courante de \u00ab Scuola Romana \u00bb (\u00c9cole Romaine) a \u00e9t\u00e9 formul\u00e9e en 1930 par [&hellip;]<\/p>\n","protected":false},"author":9,"featured_media":110635,"comment_status":"closed","ping_status":"closed","sticky":false,"template":"","format":"standard","meta":{"_acf_changed":false,"footnotes":""},"categories":[1449],"tags":[6325,6361,6724,6459],"class_list":["post-110621","post","type-post","status-publish","format-standard","has-post-thumbnail","hentry","category-magazine-fr","tag-avant-gardes","tag-ecole-de-la-via-cavour","tag-ecole-romaine","tag-realisme-magique"],"acf":[],"yoast_head":"<!-- This site is optimized with the Yoast SEO Premium plugin v27.4 (Yoast SEO v27.5) - https:\/\/yoast.com\/product\/yoast-seo-premium-wordpress\/ -->\n<title>\u00c9cole Romaine - Egidi MadeinItaly<\/title>\n<meta name=\"description\" content=\"L\u2019\u00c9cole Romaine est le mouvement artistique qui s&#039;est d\u00e9velopp\u00e9 \u00e0 Rome entre la Premi\u00e8re et la Seconde Guerre mondiale.\" \/>\n<meta name=\"robots\" content=\"index, follow, max-snippet:-1, max-image-preview:large, max-video-preview:-1\" \/>\n<link rel=\"canonical\" href=\"https:\/\/egidimadeinitaly.com\/fr\/ecole-romaine\/\" \/>\n<meta property=\"og:locale\" content=\"fr_FR\" \/>\n<meta property=\"og:type\" content=\"article\" \/>\n<meta property=\"og:title\" content=\"\u00c9cole Romaine\" \/>\n<meta property=\"og:description\" content=\"\u00c9cole Romaine: association d&#039;artistes La d\u00e9finition courante de \u00ab Scuola Romana \u00bb (\u00c9cole Romaine) a \u00e9t\u00e9 formul\u00e9e en 1930 par le critique d&#039;art fran\u00e7ais\" \/>\n<meta property=\"og:url\" content=\"https:\/\/egidimadeinitaly.com\/fr\/ecole-romaine\/\" \/>\n<meta property=\"og:site_name\" content=\"Egidi MadeinItaly\" \/>\n<meta property=\"article:publisher\" content=\"https:\/\/www.facebook.com\/egidimadeinitaly\/\" \/>\n<meta property=\"article:published_time\" content=\"2022-07-02T18:27:48+00:00\" \/>\n<meta property=\"article:modified_time\" content=\"2025-10-30T15:27:45+00:00\" \/>\n<meta property=\"og:image\" content=\"https:\/\/egidimadeinitaly.com\/v25\/wp-content\/uploads\/2022\/06\/Ritratto-di-Antonietta-1934-scaled-e1678707664874.jpeg\" \/>\n\t<meta property=\"og:image:width\" content=\"558\" \/>\n\t<meta property=\"og:image:height\" content=\"700\" \/>\n\t<meta property=\"og:image:type\" content=\"image\/jpeg\" \/>\n<meta name=\"author\" content=\"Sabrina Egidi\" \/>\n<script type=\"application\/ld+json\" class=\"yoast-schema-graph\">{\"@context\":\"https:\\\/\\\/schema.org\",\"@graph\":[{\"@type\":\"Article\",\"@id\":\"https:\\\/\\\/egidimadeinitaly.com\\\/fr\\\/ecole-romaine\\\/#article\",\"isPartOf\":{\"@id\":\"https:\\\/\\\/egidimadeinitaly.com\\\/fr\\\/ecole-romaine\\\/\"},\"author\":{\"name\":\"Sabrina Egidi\",\"@id\":\"https:\\\/\\\/egidimadeinitaly.com\\\/fr\\\/#\\\/schema\\\/person\\\/6723cc7bd1bded901c15c844a8ad09ac\"},\"headline\":\"\u00c9cole Romaine\",\"datePublished\":\"2022-07-02T18:27:48+00:00\",\"dateModified\":\"2025-10-30T15:27:45+00:00\",\"mainEntityOfPage\":{\"@id\":\"https:\\\/\\\/egidimadeinitaly.com\\\/fr\\\/ecole-romaine\\\/\"},\"wordCount\":769,\"image\":{\"@id\":\"https:\\\/\\\/egidimadeinitaly.com\\\/fr\\\/ecole-romaine\\\/#primaryimage\"},\"thumbnailUrl\":\"https:\\\/\\\/egidimadeinitaly.com\\\/v25\\\/wp-content\\\/uploads\\\/2022\\\/06\\\/Ritratto-di-Antonietta-1934-scaled-e1678707664874.jpeg\",\"keywords\":[\"Avant-gardes\",\"\u00c9cole de la Via Cavour\",\"\u00c9cole Romaine\",\"Realisme magique\"],\"articleSection\":[\"Magazine\"],\"inLanguage\":\"fr-FR\"},{\"@type\":\"WebPage\",\"@id\":\"https:\\\/\\\/egidimadeinitaly.com\\\/fr\\\/ecole-romaine\\\/\",\"url\":\"https:\\\/\\\/egidimadeinitaly.com\\\/fr\\\/ecole-romaine\\\/\",\"name\":\"\u00c9cole Romaine - Egidi MadeinItaly\",\"isPartOf\":{\"@id\":\"https:\\\/\\\/egidimadeinitaly.com\\\/fr\\\/#website\"},\"primaryImageOfPage\":{\"@id\":\"https:\\\/\\\/egidimadeinitaly.com\\\/fr\\\/ecole-romaine\\\/#primaryimage\"},\"image\":{\"@id\":\"https:\\\/\\\/egidimadeinitaly.com\\\/fr\\\/ecole-romaine\\\/#primaryimage\"},\"thumbnailUrl\":\"https:\\\/\\\/egidimadeinitaly.com\\\/v25\\\/wp-content\\\/uploads\\\/2022\\\/06\\\/Ritratto-di-Antonietta-1934-scaled-e1678707664874.jpeg\",\"datePublished\":\"2022-07-02T18:27:48+00:00\",\"dateModified\":\"2025-10-30T15:27:45+00:00\",\"author\":{\"@id\":\"https:\\\/\\\/egidimadeinitaly.com\\\/fr\\\/#\\\/schema\\\/person\\\/6723cc7bd1bded901c15c844a8ad09ac\"},\"description\":\"L\u2019\u00c9cole Romaine est le mouvement artistique qui s'est d\u00e9velopp\u00e9 \u00e0 Rome entre la Premi\u00e8re et la Seconde Guerre mondiale.\",\"breadcrumb\":{\"@id\":\"https:\\\/\\\/egidimadeinitaly.com\\\/fr\\\/ecole-romaine\\\/#breadcrumb\"},\"inLanguage\":\"fr-FR\",\"potentialAction\":[{\"@type\":\"ReadAction\",\"target\":[\"https:\\\/\\\/egidimadeinitaly.com\\\/fr\\\/ecole-romaine\\\/\"]}]},{\"@type\":\"ImageObject\",\"inLanguage\":\"fr-FR\",\"@id\":\"https:\\\/\\\/egidimadeinitaly.com\\\/fr\\\/ecole-romaine\\\/#primaryimage\",\"url\":\"https:\\\/\\\/egidimadeinitaly.com\\\/v25\\\/wp-content\\\/uploads\\\/2022\\\/06\\\/Ritratto-di-Antonietta-1934-scaled-e1678707664874.jpeg\",\"contentUrl\":\"https:\\\/\\\/egidimadeinitaly.com\\\/v25\\\/wp-content\\\/uploads\\\/2022\\\/06\\\/Ritratto-di-Antonietta-1934-scaled-e1678707664874.jpeg\",\"width\":558,\"height\":700,\"caption\":\"Portrait de Antonietta 1934 \u00c9cole romaine\"},{\"@type\":\"BreadcrumbList\",\"@id\":\"https:\\\/\\\/egidimadeinitaly.com\\\/fr\\\/ecole-romaine\\\/#breadcrumb\",\"itemListElement\":[{\"@type\":\"ListItem\",\"position\":1,\"name\":\"Home\",\"item\":\"https:\\\/\\\/egidimadeinitaly.com\\\/fr\\\/\"},{\"@type\":\"ListItem\",\"position\":2,\"name\":\"Magazine\",\"item\":\"https:\\\/\\\/egidimadeinitaly.com\\\/fr\\\/category\\\/magazine-fr\\\/\"},{\"@type\":\"ListItem\",\"position\":3,\"name\":\"\u00c9cole Romaine\"}]},{\"@type\":\"WebSite\",\"@id\":\"https:\\\/\\\/egidimadeinitaly.com\\\/fr\\\/#website\",\"url\":\"https:\\\/\\\/egidimadeinitaly.com\\\/fr\\\/\",\"name\":\"Egidi MadeinItaly\",\"description\":\"Fine Art\",\"potentialAction\":[{\"@type\":\"SearchAction\",\"target\":{\"@type\":\"EntryPoint\",\"urlTemplate\":\"https:\\\/\\\/egidimadeinitaly.com\\\/fr\\\/?s={search_term_string}\"},\"query-input\":{\"@type\":\"PropertyValueSpecification\",\"valueRequired\":true,\"valueName\":\"search_term_string\"}}],\"inLanguage\":\"fr-FR\"},{\"@type\":\"Person\",\"@id\":\"https:\\\/\\\/egidimadeinitaly.com\\\/fr\\\/#\\\/schema\\\/person\\\/6723cc7bd1bded901c15c844a8ad09ac\",\"name\":\"Sabrina Egidi\",\"image\":{\"@type\":\"ImageObject\",\"inLanguage\":\"fr-FR\",\"@id\":\"https:\\\/\\\/secure.gravatar.com\\\/avatar\\\/a40fdbc55bf918bb816497bc3c90e4c5c27f15a4085cd750f2c78f47ae05c7d1?s=96&d=mm&r=g\",\"url\":\"https:\\\/\\\/secure.gravatar.com\\\/avatar\\\/a40fdbc55bf918bb816497bc3c90e4c5c27f15a4085cd750f2c78f47ae05c7d1?s=96&d=mm&r=g\",\"contentUrl\":\"https:\\\/\\\/secure.gravatar.com\\\/avatar\\\/a40fdbc55bf918bb816497bc3c90e4c5c27f15a4085cd750f2c78f47ae05c7d1?s=96&d=mm&r=g\",\"caption\":\"Sabrina Egidi\"}}]}<\/script>\n<!-- \/ Yoast SEO Premium plugin. -->","yoast_head_json":{"title":"\u00c9cole Romaine - Egidi MadeinItaly","description":"L\u2019\u00c9cole Romaine est le mouvement artistique qui s'est d\u00e9velopp\u00e9 \u00e0 Rome entre la Premi\u00e8re et la Seconde Guerre mondiale.","robots":{"index":"index","follow":"follow","max-snippet":"max-snippet:-1","max-image-preview":"max-image-preview:large","max-video-preview":"max-video-preview:-1"},"canonical":"https:\/\/egidimadeinitaly.com\/fr\/ecole-romaine\/","og_locale":"fr_FR","og_type":"article","og_title":"\u00c9cole Romaine","og_description":"\u00c9cole Romaine: association d'artistes La d\u00e9finition courante de \u00ab Scuola Romana \u00bb (\u00c9cole Romaine) a \u00e9t\u00e9 formul\u00e9e en 1930 par le critique d'art fran\u00e7ais","og_url":"https:\/\/egidimadeinitaly.com\/fr\/ecole-romaine\/","og_site_name":"Egidi MadeinItaly","article_publisher":"https:\/\/www.facebook.com\/egidimadeinitaly\/","article_published_time":"2022-07-02T18:27:48+00:00","article_modified_time":"2025-10-30T15:27:45+00:00","og_image":[{"width":558,"height":700,"url":"https:\/\/egidimadeinitaly.com\/v25\/wp-content\/uploads\/2022\/06\/Ritratto-di-Antonietta-1934-scaled-e1678707664874.jpeg","type":"image\/jpeg"}],"author":"Sabrina Egidi","schema":{"@context":"https:\/\/schema.org","@graph":[{"@type":"Article","@id":"https:\/\/egidimadeinitaly.com\/fr\/ecole-romaine\/#article","isPartOf":{"@id":"https:\/\/egidimadeinitaly.com\/fr\/ecole-romaine\/"},"author":{"name":"Sabrina Egidi","@id":"https:\/\/egidimadeinitaly.com\/fr\/#\/schema\/person\/6723cc7bd1bded901c15c844a8ad09ac"},"headline":"\u00c9cole Romaine","datePublished":"2022-07-02T18:27:48+00:00","dateModified":"2025-10-30T15:27:45+00:00","mainEntityOfPage":{"@id":"https:\/\/egidimadeinitaly.com\/fr\/ecole-romaine\/"},"wordCount":769,"image":{"@id":"https:\/\/egidimadeinitaly.com\/fr\/ecole-romaine\/#primaryimage"},"thumbnailUrl":"https:\/\/egidimadeinitaly.com\/v25\/wp-content\/uploads\/2022\/06\/Ritratto-di-Antonietta-1934-scaled-e1678707664874.jpeg","keywords":["Avant-gardes","\u00c9cole de la Via Cavour","\u00c9cole Romaine","Realisme magique"],"articleSection":["Magazine"],"inLanguage":"fr-FR"},{"@type":"WebPage","@id":"https:\/\/egidimadeinitaly.com\/fr\/ecole-romaine\/","url":"https:\/\/egidimadeinitaly.com\/fr\/ecole-romaine\/","name":"\u00c9cole Romaine - Egidi MadeinItaly","isPartOf":{"@id":"https:\/\/egidimadeinitaly.com\/fr\/#website"},"primaryImageOfPage":{"@id":"https:\/\/egidimadeinitaly.com\/fr\/ecole-romaine\/#primaryimage"},"image":{"@id":"https:\/\/egidimadeinitaly.com\/fr\/ecole-romaine\/#primaryimage"},"thumbnailUrl":"https:\/\/egidimadeinitaly.com\/v25\/wp-content\/uploads\/2022\/06\/Ritratto-di-Antonietta-1934-scaled-e1678707664874.jpeg","datePublished":"2022-07-02T18:27:48+00:00","dateModified":"2025-10-30T15:27:45+00:00","author":{"@id":"https:\/\/egidimadeinitaly.com\/fr\/#\/schema\/person\/6723cc7bd1bded901c15c844a8ad09ac"},"description":"L\u2019\u00c9cole Romaine est le mouvement artistique qui s'est d\u00e9velopp\u00e9 \u00e0 Rome entre la Premi\u00e8re et la Seconde Guerre mondiale.","breadcrumb":{"@id":"https:\/\/egidimadeinitaly.com\/fr\/ecole-romaine\/#breadcrumb"},"inLanguage":"fr-FR","potentialAction":[{"@type":"ReadAction","target":["https:\/\/egidimadeinitaly.com\/fr\/ecole-romaine\/"]}]},{"@type":"ImageObject","inLanguage":"fr-FR","@id":"https:\/\/egidimadeinitaly.com\/fr\/ecole-romaine\/#primaryimage","url":"https:\/\/egidimadeinitaly.com\/v25\/wp-content\/uploads\/2022\/06\/Ritratto-di-Antonietta-1934-scaled-e1678707664874.jpeg","contentUrl":"https:\/\/egidimadeinitaly.com\/v25\/wp-content\/uploads\/2022\/06\/Ritratto-di-Antonietta-1934-scaled-e1678707664874.jpeg","width":558,"height":700,"caption":"Portrait de Antonietta 1934 \u00c9cole romaine"},{"@type":"BreadcrumbList","@id":"https:\/\/egidimadeinitaly.com\/fr\/ecole-romaine\/#breadcrumb","itemListElement":[{"@type":"ListItem","position":1,"name":"Home","item":"https:\/\/egidimadeinitaly.com\/fr\/"},{"@type":"ListItem","position":2,"name":"Magazine","item":"https:\/\/egidimadeinitaly.com\/fr\/category\/magazine-fr\/"},{"@type":"ListItem","position":3,"name":"\u00c9cole Romaine"}]},{"@type":"WebSite","@id":"https:\/\/egidimadeinitaly.com\/fr\/#website","url":"https:\/\/egidimadeinitaly.com\/fr\/","name":"Egidi MadeinItaly","description":"Fine Art","potentialAction":[{"@type":"SearchAction","target":{"@type":"EntryPoint","urlTemplate":"https:\/\/egidimadeinitaly.com\/fr\/?s={search_term_string}"},"query-input":{"@type":"PropertyValueSpecification","valueRequired":true,"valueName":"search_term_string"}}],"inLanguage":"fr-FR"},{"@type":"Person","@id":"https:\/\/egidimadeinitaly.com\/fr\/#\/schema\/person\/6723cc7bd1bded901c15c844a8ad09ac","name":"Sabrina Egidi","image":{"@type":"ImageObject","inLanguage":"fr-FR","@id":"https:\/\/secure.gravatar.com\/avatar\/a40fdbc55bf918bb816497bc3c90e4c5c27f15a4085cd750f2c78f47ae05c7d1?s=96&d=mm&r=g","url":"https:\/\/secure.gravatar.com\/avatar\/a40fdbc55bf918bb816497bc3c90e4c5c27f15a4085cd750f2c78f47ae05c7d1?s=96&d=mm&r=g","contentUrl":"https:\/\/secure.gravatar.com\/avatar\/a40fdbc55bf918bb816497bc3c90e4c5c27f15a4085cd750f2c78f47ae05c7d1?s=96&d=mm&r=g","caption":"Sabrina Egidi"}}]}},"_links":{"self":[{"href":"https:\/\/egidimadeinitaly.com\/fr\/wp-json\/wp\/v2\/posts\/110621","targetHints":{"allow":["GET"]}}],"collection":[{"href":"https:\/\/egidimadeinitaly.com\/fr\/wp-json\/wp\/v2\/posts"}],"about":[{"href":"https:\/\/egidimadeinitaly.com\/fr\/wp-json\/wp\/v2\/types\/post"}],"author":[{"embeddable":true,"href":"https:\/\/egidimadeinitaly.com\/fr\/wp-json\/wp\/v2\/users\/9"}],"replies":[{"embeddable":true,"href":"https:\/\/egidimadeinitaly.com\/fr\/wp-json\/wp\/v2\/comments?post=110621"}],"version-history":[{"count":11,"href":"https:\/\/egidimadeinitaly.com\/fr\/wp-json\/wp\/v2\/posts\/110621\/revisions"}],"predecessor-version":[{"id":125980,"href":"https:\/\/egidimadeinitaly.com\/fr\/wp-json\/wp\/v2\/posts\/110621\/revisions\/125980"}],"wp:featuredmedia":[{"embeddable":true,"href":"https:\/\/egidimadeinitaly.com\/fr\/wp-json\/wp\/v2\/media\/110635"}],"wp:attachment":[{"href":"https:\/\/egidimadeinitaly.com\/fr\/wp-json\/wp\/v2\/media?parent=110621"}],"wp:term":[{"taxonomy":"category","embeddable":true,"href":"https:\/\/egidimadeinitaly.com\/fr\/wp-json\/wp\/v2\/categories?post=110621"},{"taxonomy":"post_tag","embeddable":true,"href":"https:\/\/egidimadeinitaly.com\/fr\/wp-json\/wp\/v2\/tags?post=110621"}],"curies":[{"name":"wp","href":"https:\/\/api.w.org\/{rel}","templated":true}]}}