{"id":100389,"date":"2021-06-16T14:48:19","date_gmt":"2021-06-16T13:48:19","guid":{"rendered":"http:\/\/egidimadeinitaly.demonewlogic.it\/le-marbre-de-carrare\/"},"modified":"2026-08-29T13:45:29","modified_gmt":"2026-08-29T12:45:29","slug":"le-marbre-de-carrare","status":"publish","type":"post","link":"https:\/\/egidimadeinitaly.com\/fr\/le-marbre-de-carrare\/","title":{"rendered":"Le marbre de Carrare. Histoire, sculpture et art italien"},"content":{"rendered":"<h1>Le marbre de Carrare: histoire, sculpture et art italien<\/h1>\n<p>Le <strong>marbre de Carrare<\/strong> est l\u2019un des mat\u00e9riaux les plus prestigieux de l\u2019histoire de l\u2019art italien. Extrait des Alpes apuanes, en Toscane, il est appr\u00e9ci\u00e9 depuis l\u2019Antiquit\u00e9 pour sa luminosit\u00e9, sa finesse et ses qualit\u00e9s exceptionnelles pour la sculpture. Au fil des si\u00e8cles, il est devenu indissociable de l\u2019architecture et de la grande tradition sculpturale italienne.<\/p>\n<h2>Pourquoi le marbre de Carrare est-il si c\u00e9l\u00e8bre ?<\/h2>\n<p class=\"isSelectedEnd\">Le marbre de Carrare se caract\u00e9rise par une teinte claire, allant du blanc au blanc l\u00e9g\u00e8rement gris\u00e2tre, ainsi que par des veines plus ou moins discr\u00e8tes.<\/p>\n<p class=\"isSelectedEnd\">Parmi ses vari\u00e9t\u00e9s les plus r\u00e9put\u00e9es figure le <strong>marbre statuaire<\/strong>, particuli\u00e8rement recherch\u00e9 pour la sculpture. Sa structure fine et homog\u00e8ne permet au sculpteur de travailler avec une grande pr\u00e9cision et d\u2019obtenir des surfaces particuli\u00e8rement raffin\u00e9es.<\/p>\n<p>De plus, une fois poli, le marbre interagit subtilement avec la lumi\u00e8re. Cette qualit\u00e9 accentue la douceur des volumes, le rendu des drap\u00e9s et la d\u00e9licatesse des d\u00e9tails anatomiques.<\/p>\n<figure id=\"attachment_104417\" aria-describedby=\"caption-attachment-104417\" style=\"width: 240px\" class=\"wp-caption alignnone\"><img decoding=\"async\" class=\"size-medium wp-image-104417\" src=\"https:\/\/egidimadeinitaly.com\/v25\/wp-content\/uploads\/2021\/10\/02258EA3-1FB6-4D55-B866-116E56E8ADE2-240x300.jpeg\" alt=\"Buste n\u00e9oclassique en marbre de Carrare\" width=\"240\" height=\"300\" srcset=\"https:\/\/egidimadeinitaly.com\/v25\/wp-content\/uploads\/2021\/10\/02258EA3-1FB6-4D55-B866-116E56E8ADE2-240x300.jpeg 240w, https:\/\/egidimadeinitaly.com\/v25\/wp-content\/uploads\/2021\/10\/02258EA3-1FB6-4D55-B866-116E56E8ADE2-819x1024.jpeg 819w, https:\/\/egidimadeinitaly.com\/v25\/wp-content\/uploads\/2021\/10\/02258EA3-1FB6-4D55-B866-116E56E8ADE2-768x960.jpeg 768w, https:\/\/egidimadeinitaly.com\/v25\/wp-content\/uploads\/2021\/10\/02258EA3-1FB6-4D55-B866-116E56E8ADE2-1229x1536.jpeg 1229w, https:\/\/egidimadeinitaly.com\/v25\/wp-content\/uploads\/2021\/10\/02258EA3-1FB6-4D55-B866-116E56E8ADE2-1638x2048.jpeg 1638w, https:\/\/egidimadeinitaly.com\/v25\/wp-content\/uploads\/2021\/10\/02258EA3-1FB6-4D55-B866-116E56E8ADE2-600x750.jpeg 600w, https:\/\/egidimadeinitaly.com\/v25\/wp-content\/uploads\/2021\/10\/02258EA3-1FB6-4D55-B866-116E56E8ADE2-scaled.jpeg 2048w\" sizes=\"(max-width: 240px) 100vw, 240px\" \/><figcaption id=\"caption-attachment-104417\" class=\"wp-caption-text\">Buste en marbre du jeune Caius Octavius<\/figcaption><\/figure>\n<h2>Les carri\u00e8res de Carrare dans l\u2019Antiquit\u00e9<\/h2>\n<p class=\"isSelectedEnd\">L\u2019exploitation des carri\u00e8res des Alpes apuanes remonte \u00e0 l\u2019\u00e9poque romaine. Des traces d\u2019extraction datant du Ier si\u00e8cle avant J.-C. ont notamment \u00e9t\u00e9 retrouv\u00e9es dans les carri\u00e8res historiques de la r\u00e9gion.<\/p>\n<p class=\"isSelectedEnd\">Le marbre \u00e9tait transport\u00e9 vers <strong>Luni<\/strong>, important centre de commerce et d\u2019exp\u00e9dition. Pour cette raison, il \u00e9tait connu dans l\u2019Antiquit\u00e9 sous le nom de <em>marmor lunense<\/em>, ou marbre de Luni.<\/p>\n<p>Gr\u00e2ce \u00e0 sa r\u00e9sistance et \u00e0 sa qualit\u00e9 esth\u00e9tique, il fut largement employ\u00e9 dans l\u2019architecture, la d\u00e9coration monumentale et la statuaire romaines.<\/p>\n<h2>Le marbre de Carrare et Michel-Ange<\/h2>\n<p>Le nom du marbre de Carrare est <strong>\u00e9troitement li\u00e9 \u00e0 Michel-Ange<\/strong>, qui choisissait personnellement ses blocs dans les carri\u00e8res toscanes. L\u2019artiste s\u00e9journa \u00e0 Carrare pour s\u00e9lectionner les mat\u00e9riaux destin\u00e9s \u00e0 ses grands projets sculpt\u00e9s,\u00a0le\u00a0<strong>Mausol\u00e9e de Pape Giulio II\u00b0 \u00e0 Rome<\/strong>.Son attachement \u00e0 cette pierre a contribu\u00e9 \u00e0 faire du marbre de Carrare une r\u00e9f\u00e9rence absolue dans l\u2019imaginaire de la sculpture occidentale. Pour cette raison il y a une carri\u00e8re qu\u2019il s\u2019appelle \u2018Creux Michel-Ange&rsquo;.<\/p>\n<h2>Du marbre statuaire \u00e0 la sculpture italienne<\/h2>\n<p class=\"isSelectedEnd\">Parmi les vari\u00e9t\u00e9s les plus prestigieuses, le <strong data-start=\"656\" data-end=\"687\">marbre statuaire de Carrare<\/strong> occupe une place particuli\u00e8re. Sa blancheur, sa finesse et sa structure homog\u00e8ne en ont fait, au fil des si\u00e8cles, un mat\u00e9riau privil\u00e9gi\u00e9 pour la sculpture.<\/p>\n<p class=\"isSelectedEnd\">Au-del\u00e0 de Michel-Ange, de nombreux grands sculpteurs ont travaill\u00e9 le <strong>marbre de Carrare<\/strong>. Donatello, Gian Lorenzo Bernini et Antonio Canova figurent parmi les artistes traditionnellement associ\u00e9s \u00e0 cette mati\u00e8re exceptionnelle.<\/p>\n<p class=\"isSelectedEnd\">\u00c0 la Renaissance et \u00e0 l\u2019\u00e9poque baroque, le marbre permit de traduire avec une extraordinaire finesse le mouvement, l\u2019anatomie et les effets de drap\u00e9.<\/p>\n<p>Plus tard, \u00e0 l\u2019\u00e9poque n\u00e9oclassique, sa blancheur et sa surface lumineuse r\u00e9pondirent parfaitement \u00e0 la red\u00e9couverte des id\u00e9aux de l\u2019Antiquit\u00e9. Antonio Canova en fit notamment un mat\u00e9riau privil\u00e9gi\u00e9 pour ses figures \u00e9l\u00e9gantes et harmonieusement model\u00e9es.<\/p>\n<h2>Du marbre statuaire \u00e0 l\u2019art contemporain<\/h2>\n<p>Au-del\u00e0 des ma\u00eetres de la Renaissance, le marbre de Carrare continue d\u2019\u00eatre utilis\u00e9 par des artistes, architectes et designers contemporains. Il s\u2019int\u00e8gre aussi bien \u00e0 des \u0153uvres sculpt\u00e9es qu\u2019\u00e0 des projets de d\u00e9coration int\u00e9rieure, souvent associ\u00e9 au bronze, au laiton, \u00e0 la porcelaine ou \u00e0 d\u2019autres mat\u00e9riaux nobles. Cette polyvalence confirme la place du marbre de Carrare dans la cr\u00e9ation actuelle.<\/p>\n<h2>Le marbre de Carrare entre tradition et \u00e9l\u00e9gance<\/h2>\n<p>Symbole d\u2019excellence artisanale et de beaut\u00e9 intemporelle, le marbre de Carrare incarne le dialogue entre tradition italienne et innovation esth\u00e9tique. De la statuaire classique aux projets de design les plus raffin\u00e9s, il demeure un mat\u00e9riau de r\u00e9f\u00e9rence pour ceux qui recherchent lumi\u00e8re, noblesse et qualit\u00e9.<\/p>\n<p>&nbsp;<\/p>\n","protected":false},"excerpt":{"rendered":"<p>Le marbre de Carrare: histoire, sculpture et art italien Le marbre de Carrare est l\u2019un des mat\u00e9riaux les plus prestigieux [&hellip;]<\/p>\n","protected":false},"author":9,"featured_media":83444,"comment_status":"closed","ping_status":"closed","sticky":false,"template":"","format":"standard","meta":{"_acf_changed":false,"footnotes":""},"categories":[1449],"tags":[6711],"class_list":["post-100389","post","type-post","status-publish","format-standard","has-post-thumbnail","hentry","category-magazine-fr","tag-marbre"],"acf":[],"yoast_head":"<!-- This site is optimized with the Yoast SEO Premium plugin v28.4 (Yoast SEO v28.4) - https:\/\/yoast.com\/product\/yoast-seo-premium-wordpress\/ -->\n<title>Le marbre de Carrare. Histoire, sculpture et art italien - Egidi MadeinItaly<\/title>\n<meta name=\"description\" content=\"Marbre de Carrare : d\u00e9couvrez son histoire, ses carri\u00e8res et son r\u00f4le dans la sculpture italienne, de Rome \u00e0 Michel-Ange et Canova.\" \/>\n<meta name=\"robots\" content=\"index, follow, max-snippet:-1, max-image-preview:large, max-video-preview:-1\" \/>\n<link rel=\"canonical\" href=\"https:\/\/egidimadeinitaly.com\/fr\/le-marbre-de-carrare\/\" \/>\n<meta property=\"og:locale\" content=\"fr_FR\" \/>\n<meta property=\"og:type\" content=\"article\" \/>\n<meta property=\"og:title\" content=\"Le marbre de Carrare. Histoire, sculpture et art italien\" \/>\n<meta property=\"og:description\" content=\"Le marbre de Carrare: histoire, sculpture et art italien Le marbre de Carrare est l\u2019un des mat\u00e9riaux les plus prestigieux de l\u2019histoire de l\u2019art italien.\" \/>\n<meta property=\"og:url\" content=\"https:\/\/egidimadeinitaly.com\/fr\/le-marbre-de-carrare\/\" \/>\n<meta property=\"og:site_name\" content=\"Egidi MadeinItaly\" \/>\n<meta property=\"article:publisher\" content=\"https:\/\/www.facebook.com\/egidimadeinitaly\/\" \/>\n<meta property=\"article:published_time\" content=\"2021-06-16T13:48:19+00:00\" \/>\n<meta property=\"article:modified_time\" content=\"2026-08-29T12:45:29+00:00\" \/>\n<meta property=\"og:image\" content=\"https:\/\/egidimadeinitaly.com\/v25\/wp-content\/uploads\/2020\/02\/guglielmo_pugi_busto_venere_in_marmo-e1717418928282.jpg\" \/>\n\t<meta property=\"og:image:width\" content=\"2000\" \/>\n\t<meta property=\"og:image:height\" content=\"1333\" \/>\n\t<meta property=\"og:image:type\" content=\"image\/jpeg\" \/>\n<meta name=\"author\" content=\"Sabrina Egidi\" \/>\n<script type=\"application\/ld+json\" class=\"yoast-schema-graph\">{\"@context\":\"https:\\\/\\\/schema.org\",\"@graph\":[{\"@type\":\"Article\",\"@id\":\"https:\\\/\\\/egidimadeinitaly.com\\\/fr\\\/le-marbre-de-carrare\\\/#article\",\"isPartOf\":{\"@id\":\"https:\\\/\\\/egidimadeinitaly.com\\\/fr\\\/le-marbre-de-carrare\\\/\"},\"author\":{\"name\":\"Sabrina Egidi\",\"@id\":\"https:\\\/\\\/egidimadeinitaly.com\\\/fr\\\/#\\\/schema\\\/person\\\/6723cc7bd1bded901c15c844a8ad09ac\"},\"headline\":\"Le marbre de Carrare. Histoire, sculpture et art italien\",\"datePublished\":\"2021-06-16T13:48:19+00:00\",\"dateModified\":\"2026-08-29T12:45:29+00:00\",\"mainEntityOfPage\":{\"@id\":\"https:\\\/\\\/egidimadeinitaly.com\\\/fr\\\/le-marbre-de-carrare\\\/\"},\"wordCount\":693,\"image\":{\"@id\":\"https:\\\/\\\/egidimadeinitaly.com\\\/fr\\\/le-marbre-de-carrare\\\/#primaryimage\"},\"thumbnailUrl\":\"https:\\\/\\\/egidimadeinitaly.com\\\/v25\\\/wp-content\\\/uploads\\\/2020\\\/02\\\/guglielmo_pugi_busto_venere_in_marmo-e1717418928282.jpg\",\"keywords\":[\"Marbre\"],\"articleSection\":[\"Magazine\"],\"inLanguage\":\"fr-FR\"},{\"@type\":\"WebPage\",\"@id\":\"https:\\\/\\\/egidimadeinitaly.com\\\/fr\\\/le-marbre-de-carrare\\\/\",\"url\":\"https:\\\/\\\/egidimadeinitaly.com\\\/fr\\\/le-marbre-de-carrare\\\/\",\"name\":\"Le marbre de Carrare. Histoire, sculpture et art italien - Egidi MadeinItaly\",\"isPartOf\":{\"@id\":\"https:\\\/\\\/egidimadeinitaly.com\\\/fr\\\/#website\"},\"primaryImageOfPage\":{\"@id\":\"https:\\\/\\\/egidimadeinitaly.com\\\/fr\\\/le-marbre-de-carrare\\\/#primaryimage\"},\"image\":{\"@id\":\"https:\\\/\\\/egidimadeinitaly.com\\\/fr\\\/le-marbre-de-carrare\\\/#primaryimage\"},\"thumbnailUrl\":\"https:\\\/\\\/egidimadeinitaly.com\\\/v25\\\/wp-content\\\/uploads\\\/2020\\\/02\\\/guglielmo_pugi_busto_venere_in_marmo-e1717418928282.jpg\",\"datePublished\":\"2021-06-16T13:48:19+00:00\",\"dateModified\":\"2026-08-29T12:45:29+00:00\",\"author\":{\"@id\":\"https:\\\/\\\/egidimadeinitaly.com\\\/fr\\\/#\\\/schema\\\/person\\\/6723cc7bd1bded901c15c844a8ad09ac\"},\"description\":\"Marbre de Carrare : d\u00e9couvrez son histoire, ses carri\u00e8res et son r\u00f4le dans la sculpture italienne, de Rome \u00e0 Michel-Ange et Canova.\",\"breadcrumb\":{\"@id\":\"https:\\\/\\\/egidimadeinitaly.com\\\/fr\\\/le-marbre-de-carrare\\\/#breadcrumb\"},\"inLanguage\":\"fr-FR\",\"potentialAction\":[{\"@type\":\"ReadAction\",\"target\":[\"https:\\\/\\\/egidimadeinitaly.com\\\/fr\\\/le-marbre-de-carrare\\\/\"]}]},{\"@type\":\"ImageObject\",\"inLanguage\":\"fr-FR\",\"@id\":\"https:\\\/\\\/egidimadeinitaly.com\\\/fr\\\/le-marbre-de-carrare\\\/#primaryimage\",\"url\":\"https:\\\/\\\/egidimadeinitaly.com\\\/v25\\\/wp-content\\\/uploads\\\/2020\\\/02\\\/guglielmo_pugi_busto_venere_in_marmo-e1717418928282.jpg\",\"contentUrl\":\"https:\\\/\\\/egidimadeinitaly.com\\\/v25\\\/wp-content\\\/uploads\\\/2020\\\/02\\\/guglielmo_pugi_busto_venere_in_marmo-e1717418928282.jpg\",\"width\":2000,\"height\":1333,\"caption\":\"Buste en Marbre Sign\u00e9 Pugi\"},{\"@type\":\"BreadcrumbList\",\"@id\":\"https:\\\/\\\/egidimadeinitaly.com\\\/fr\\\/le-marbre-de-carrare\\\/#breadcrumb\",\"itemListElement\":[{\"@type\":\"ListItem\",\"position\":1,\"name\":\"Home\",\"item\":\"https:\\\/\\\/egidimadeinitaly.com\\\/fr\\\/\"},{\"@type\":\"ListItem\",\"position\":2,\"name\":\"Magazine\",\"item\":\"https:\\\/\\\/egidimadeinitaly.com\\\/fr\\\/category\\\/magazine-fr\\\/\"},{\"@type\":\"ListItem\",\"position\":3,\"name\":\"Le marbre de Carrare. Histoire, sculpture et art italien\"}]},{\"@type\":\"WebSite\",\"@id\":\"https:\\\/\\\/egidimadeinitaly.com\\\/fr\\\/#website\",\"url\":\"https:\\\/\\\/egidimadeinitaly.com\\\/fr\\\/\",\"name\":\"Egidi MadeinItaly\",\"description\":\"Fine Art\",\"potentialAction\":[{\"@type\":\"SearchAction\",\"target\":{\"@type\":\"EntryPoint\",\"urlTemplate\":\"https:\\\/\\\/egidimadeinitaly.com\\\/fr\\\/?s={search_term_string}\"},\"query-input\":{\"@type\":\"PropertyValueSpecification\",\"valueRequired\":true,\"valueName\":\"search_term_string\"}}],\"inLanguage\":\"fr-FR\"},{\"@type\":\"Person\",\"@id\":\"https:\\\/\\\/egidimadeinitaly.com\\\/fr\\\/#\\\/schema\\\/person\\\/6723cc7bd1bded901c15c844a8ad09ac\",\"name\":\"Sabrina Egidi\",\"image\":{\"@type\":\"ImageObject\",\"inLanguage\":\"fr-FR\",\"@id\":\"https:\\\/\\\/secure.gravatar.com\\\/avatar\\\/a40fdbc55bf918bb816497bc3c90e4c5c27f15a4085cd750f2c78f47ae05c7d1?s=96&d=mm&r=g\",\"url\":\"https:\\\/\\\/secure.gravatar.com\\\/avatar\\\/a40fdbc55bf918bb816497bc3c90e4c5c27f15a4085cd750f2c78f47ae05c7d1?s=96&d=mm&r=g\",\"contentUrl\":\"https:\\\/\\\/secure.gravatar.com\\\/avatar\\\/a40fdbc55bf918bb816497bc3c90e4c5c27f15a4085cd750f2c78f47ae05c7d1?s=96&d=mm&r=g\",\"caption\":\"Sabrina Egidi\"}}]}<\/script>\n<!-- \/ Yoast SEO Premium plugin. -->","yoast_head_json":{"title":"Le marbre de Carrare. Histoire, sculpture et art italien - Egidi MadeinItaly","description":"Marbre de Carrare : d\u00e9couvrez son histoire, ses carri\u00e8res et son r\u00f4le dans la sculpture italienne, de Rome \u00e0 Michel-Ange et Canova.","robots":{"index":"index","follow":"follow","max-snippet":"max-snippet:-1","max-image-preview":"max-image-preview:large","max-video-preview":"max-video-preview:-1"},"canonical":"https:\/\/egidimadeinitaly.com\/fr\/le-marbre-de-carrare\/","og_locale":"fr_FR","og_type":"article","og_title":"Le marbre de Carrare. Histoire, sculpture et art italien","og_description":"Le marbre de Carrare: histoire, sculpture et art italien Le marbre de Carrare est l\u2019un des mat\u00e9riaux les plus prestigieux de l\u2019histoire de l\u2019art italien.","og_url":"https:\/\/egidimadeinitaly.com\/fr\/le-marbre-de-carrare\/","og_site_name":"Egidi MadeinItaly","article_publisher":"https:\/\/www.facebook.com\/egidimadeinitaly\/","article_published_time":"2021-06-16T13:48:19+00:00","article_modified_time":"2026-08-29T12:45:29+00:00","og_image":[{"width":2000,"height":1333,"url":"https:\/\/egidimadeinitaly.com\/v25\/wp-content\/uploads\/2020\/02\/guglielmo_pugi_busto_venere_in_marmo-e1717418928282.jpg","type":"image\/jpeg"}],"author":"Sabrina Egidi","schema":{"@context":"https:\/\/schema.org","@graph":[{"@type":"Article","@id":"https:\/\/egidimadeinitaly.com\/fr\/le-marbre-de-carrare\/#article","isPartOf":{"@id":"https:\/\/egidimadeinitaly.com\/fr\/le-marbre-de-carrare\/"},"author":{"name":"Sabrina Egidi","@id":"https:\/\/egidimadeinitaly.com\/fr\/#\/schema\/person\/6723cc7bd1bded901c15c844a8ad09ac"},"headline":"Le marbre de Carrare. Histoire, sculpture et art italien","datePublished":"2021-06-16T13:48:19+00:00","dateModified":"2026-08-29T12:45:29+00:00","mainEntityOfPage":{"@id":"https:\/\/egidimadeinitaly.com\/fr\/le-marbre-de-carrare\/"},"wordCount":693,"image":{"@id":"https:\/\/egidimadeinitaly.com\/fr\/le-marbre-de-carrare\/#primaryimage"},"thumbnailUrl":"https:\/\/egidimadeinitaly.com\/v25\/wp-content\/uploads\/2020\/02\/guglielmo_pugi_busto_venere_in_marmo-e1717418928282.jpg","keywords":["Marbre"],"articleSection":["Magazine"],"inLanguage":"fr-FR"},{"@type":"WebPage","@id":"https:\/\/egidimadeinitaly.com\/fr\/le-marbre-de-carrare\/","url":"https:\/\/egidimadeinitaly.com\/fr\/le-marbre-de-carrare\/","name":"Le marbre de Carrare. Histoire, sculpture et art italien - Egidi MadeinItaly","isPartOf":{"@id":"https:\/\/egidimadeinitaly.com\/fr\/#website"},"primaryImageOfPage":{"@id":"https:\/\/egidimadeinitaly.com\/fr\/le-marbre-de-carrare\/#primaryimage"},"image":{"@id":"https:\/\/egidimadeinitaly.com\/fr\/le-marbre-de-carrare\/#primaryimage"},"thumbnailUrl":"https:\/\/egidimadeinitaly.com\/v25\/wp-content\/uploads\/2020\/02\/guglielmo_pugi_busto_venere_in_marmo-e1717418928282.jpg","datePublished":"2021-06-16T13:48:19+00:00","dateModified":"2026-08-29T12:45:29+00:00","author":{"@id":"https:\/\/egidimadeinitaly.com\/fr\/#\/schema\/person\/6723cc7bd1bded901c15c844a8ad09ac"},"description":"Marbre de Carrare : d\u00e9couvrez son histoire, ses carri\u00e8res et son r\u00f4le dans la sculpture italienne, de Rome \u00e0 Michel-Ange et Canova.","breadcrumb":{"@id":"https:\/\/egidimadeinitaly.com\/fr\/le-marbre-de-carrare\/#breadcrumb"},"inLanguage":"fr-FR","potentialAction":[{"@type":"ReadAction","target":["https:\/\/egidimadeinitaly.com\/fr\/le-marbre-de-carrare\/"]}]},{"@type":"ImageObject","inLanguage":"fr-FR","@id":"https:\/\/egidimadeinitaly.com\/fr\/le-marbre-de-carrare\/#primaryimage","url":"https:\/\/egidimadeinitaly.com\/v25\/wp-content\/uploads\/2020\/02\/guglielmo_pugi_busto_venere_in_marmo-e1717418928282.jpg","contentUrl":"https:\/\/egidimadeinitaly.com\/v25\/wp-content\/uploads\/2020\/02\/guglielmo_pugi_busto_venere_in_marmo-e1717418928282.jpg","width":2000,"height":1333,"caption":"Buste en Marbre Sign\u00e9 Pugi"},{"@type":"BreadcrumbList","@id":"https:\/\/egidimadeinitaly.com\/fr\/le-marbre-de-carrare\/#breadcrumb","itemListElement":[{"@type":"ListItem","position":1,"name":"Home","item":"https:\/\/egidimadeinitaly.com\/fr\/"},{"@type":"ListItem","position":2,"name":"Magazine","item":"https:\/\/egidimadeinitaly.com\/fr\/category\/magazine-fr\/"},{"@type":"ListItem","position":3,"name":"Le marbre de Carrare. Histoire, sculpture et art italien"}]},{"@type":"WebSite","@id":"https:\/\/egidimadeinitaly.com\/fr\/#website","url":"https:\/\/egidimadeinitaly.com\/fr\/","name":"Egidi MadeinItaly","description":"Fine Art","potentialAction":[{"@type":"SearchAction","target":{"@type":"EntryPoint","urlTemplate":"https:\/\/egidimadeinitaly.com\/fr\/?s={search_term_string}"},"query-input":{"@type":"PropertyValueSpecification","valueRequired":true,"valueName":"search_term_string"}}],"inLanguage":"fr-FR"},{"@type":"Person","@id":"https:\/\/egidimadeinitaly.com\/fr\/#\/schema\/person\/6723cc7bd1bded901c15c844a8ad09ac","name":"Sabrina Egidi","image":{"@type":"ImageObject","inLanguage":"fr-FR","@id":"https:\/\/secure.gravatar.com\/avatar\/a40fdbc55bf918bb816497bc3c90e4c5c27f15a4085cd750f2c78f47ae05c7d1?s=96&d=mm&r=g","url":"https:\/\/secure.gravatar.com\/avatar\/a40fdbc55bf918bb816497bc3c90e4c5c27f15a4085cd750f2c78f47ae05c7d1?s=96&d=mm&r=g","contentUrl":"https:\/\/secure.gravatar.com\/avatar\/a40fdbc55bf918bb816497bc3c90e4c5c27f15a4085cd750f2c78f47ae05c7d1?s=96&d=mm&r=g","caption":"Sabrina Egidi"}}]}},"_links":{"self":[{"href":"https:\/\/egidimadeinitaly.com\/fr\/wp-json\/wp\/v2\/posts\/100389","targetHints":{"allow":["GET"]}}],"collection":[{"href":"https:\/\/egidimadeinitaly.com\/fr\/wp-json\/wp\/v2\/posts"}],"about":[{"href":"https:\/\/egidimadeinitaly.com\/fr\/wp-json\/wp\/v2\/types\/post"}],"author":[{"embeddable":true,"href":"https:\/\/egidimadeinitaly.com\/fr\/wp-json\/wp\/v2\/users\/9"}],"replies":[{"embeddable":true,"href":"https:\/\/egidimadeinitaly.com\/fr\/wp-json\/wp\/v2\/comments?post=100389"}],"version-history":[{"count":5,"href":"https:\/\/egidimadeinitaly.com\/fr\/wp-json\/wp\/v2\/posts\/100389\/revisions"}],"predecessor-version":[{"id":127080,"href":"https:\/\/egidimadeinitaly.com\/fr\/wp-json\/wp\/v2\/posts\/100389\/revisions\/127080"}],"wp:featuredmedia":[{"embeddable":true,"href":"https:\/\/egidimadeinitaly.com\/fr\/wp-json\/wp\/v2\/media\/83444"}],"wp:attachment":[{"href":"https:\/\/egidimadeinitaly.com\/fr\/wp-json\/wp\/v2\/media?parent=100389"}],"wp:term":[{"taxonomy":"category","embeddable":true,"href":"https:\/\/egidimadeinitaly.com\/fr\/wp-json\/wp\/v2\/categories?post=100389"},{"taxonomy":"post_tag","embeddable":true,"href":"https:\/\/egidimadeinitaly.com\/fr\/wp-json\/wp\/v2\/tags?post=100389"}],"curies":[{"name":"wp","href":"https:\/\/api.w.org\/{rel}","templated":true}]}}